{"id":132,"date":"2021-04-30T00:00:00","date_gmt":"2021-04-30T03:00:00","guid":{"rendered":"https:\/\/jlegal.pt\/teste\/opinion-article-on-novo-banco\/"},"modified":"2022-06-23T13:01:37","modified_gmt":"2022-06-23T16:01:37","slug":"opinion-article-on-novo-banco","status":"publish","type":"post","link":"https:\/\/jlegal.pt\/en\/opinion-article-on-novo-banco\/","title":{"rendered":"Opinion article on S\u00f3crates&#8217; case"},"content":{"rendered":"<p><img decoding=\"async\" width=\"1842\" height=\"600\" src=\"https:\/\/jlegal.pt\/wp-content\/uploads\/2021\/04\/Screenshot-2021-04-02-at-12.01.21.png\" alt=\"\" loading=\"lazy\" srcset=\"https:\/\/jlegal.pt\/wp-content\/uploads\/2021\/04\/Screenshot-2021-04-02-at-12.01.21.png 1842w, https:\/\/jlegal.pt\/wp-content\/uploads\/2021\/04\/Screenshot-2021-04-02-at-12.01.21-300x98.png 300w, https:\/\/jlegal.pt\/wp-content\/uploads\/2021\/04\/Screenshot-2021-04-02-at-12.01.21-1024x334.png 1024w, https:\/\/jlegal.pt\/wp-content\/uploads\/2021\/04\/Screenshot-2021-04-02-at-12.01.21-768x250.png 768w, https:\/\/jlegal.pt\/wp-content\/uploads\/2021\/04\/Screenshot-2021-04-02-at-12.01.21-1536x500.png 1536w, https:\/\/jlegal.pt\/wp-content\/uploads\/2021\/04\/Screenshot-2021-04-02-at-12.01.21-16x5.png 16w\" sizes=\"auto, (max-width: 1842px) 100vw, 1842px\" \/><br \/>\n\t\t\t<a href=\"https:\/\/jlegal.pt\/en\/news\/\" role=\"button\"><br \/>\n\t\t\t\t\t\tGo back<br \/>\n\t\t\t\t\t<\/a><\/p>\n<h1>Opinion article on S\u00f3crates&#8217; case<\/h1>\n<h2>Author: Jos\u00e9 Diogo Horta Os\u00f3rio<\/h2>\n<h2>29 April 2021<\/h2>\n<p>Today we share an opinion article written by our partner Jos\u00e9 Diogo Horta Os\u00f3rio and published in Jornal Econ\u00f3mico with a &#8220;(&#8230;) Politically incorrect vision of S\u00f3crates&#8217; case&#8221;.<\/p>\n<p><a href=\"https:\/\/jornaleconomico.sapo.pt\/noticias\/da-visao-politicamente-incorrecta-do-caso-socrates-731954\">https:\/\/jornaleconomico.sapo.pt\/noticias\/da-visao-politicamente-incorrecta-do-caso-socrates-731954<\/a><\/p>","protected":false},"excerpt":{"rendered":"<p>Today we share an opinion article written by our partner Jos\u00e9 Diogo Horta Os\u00f3rio and published in Jornal Econ\u00f3mico with a &#8220;(&#8230;) Politically incorrect vision of S\u00f3crates&#8217; case&#8221;.<\/p>","protected":false},"author":1,"featured_media":293,"comment_status":"open","ping_status":"open","sticky":false,"template":"","format":"standard","meta":{"footnotes":""},"categories":[5],"tags":[],"class_list":["post-132","post","type-post","status-publish","format-standard","has-post-thumbnail","hentry","category-noticias"],"aioseo_notices":[],"acf":[],"_links":{"self":[{"href":"https:\/\/jlegal.pt\/en\/wp-json\/wp\/v2\/posts\/132","targetHints":{"allow":["GET"]}}],"collection":[{"href":"https:\/\/jlegal.pt\/en\/wp-json\/wp\/v2\/posts"}],"about":[{"href":"https:\/\/jlegal.pt\/en\/wp-json\/wp\/v2\/types\/post"}],"author":[{"embeddable":true,"href":"https:\/\/jlegal.pt\/en\/wp-json\/wp\/v2\/users\/1"}],"replies":[{"embeddable":true,"href":"https:\/\/jlegal.pt\/en\/wp-json\/wp\/v2\/comments?post=132"}],"version-history":[{"count":1,"href":"https:\/\/jlegal.pt\/en\/wp-json\/wp\/v2\/posts\/132\/revisions"}],"predecessor-version":[{"id":215,"href":"https:\/\/jlegal.pt\/en\/wp-json\/wp\/v2\/posts\/132\/revisions\/215"}],"wp:featuredmedia":[{"embeddable":true,"href":"https:\/\/jlegal.pt\/en\/wp-json\/wp\/v2\/media\/293"}],"wp:attachment":[{"href":"https:\/\/jlegal.pt\/en\/wp-json\/wp\/v2\/media?parent=132"}],"wp:term":[{"taxonomy":"category","embeddable":true,"href":"https:\/\/jlegal.pt\/en\/wp-json\/wp\/v2\/categories?post=132"},{"taxonomy":"post_tag","embeddable":true,"href":"https:\/\/jlegal.pt\/en\/wp-json\/wp\/v2\/tags?post=132"}],"curies":[{"name":"wp","href":"https:\/\/api.w.org\/{rel}","templated":true}]}}