{"id":135,"date":"2021-06-08T00:00:00","date_gmt":"2021-06-08T03:00:00","guid":{"rendered":"https:\/\/jlegal.pt\/teste\/opinion-article-on-ma-market-in-portugal-by-jose-diogo-horta-osorio\/"},"modified":"2022-06-23T13:01:39","modified_gmt":"2022-06-23T16:01:39","slug":"opinion-article-on-ma-market-in-portugal-by-jose-diogo-horta-osorio","status":"publish","type":"post","link":"https:\/\/jlegal.pt\/en\/opinion-article-on-ma-market-in-portugal-by-jose-diogo-horta-osorio\/","title":{"rendered":"Opinion article on the M&#038;A market in Portugal"},"content":{"rendered":"<p><img decoding=\"async\" width=\"1842\" height=\"600\" src=\"https:\/\/jlegal.pt\/wp-content\/uploads\/2021\/04\/Screenshot-2021-04-02-at-12.01.21.png\" alt=\"\" loading=\"lazy\" srcset=\"https:\/\/i0.wp.com\/jlegal.pt\/wp-content\/uploads\/2021\/04\/Screenshot-2021-04-02-at-12.01.21.png?w=1842&amp;ssl=1 1842w, https:\/\/i0.wp.com\/jlegal.pt\/wp-content\/uploads\/2021\/04\/Screenshot-2021-04-02-at-12.01.21.png?resize=300%2C98&amp;ssl=1 300w, https:\/\/i0.wp.com\/jlegal.pt\/wp-content\/uploads\/2021\/04\/Screenshot-2021-04-02-at-12.01.21.png?resize=1024%2C334&amp;ssl=1 1024w, https:\/\/i0.wp.com\/jlegal.pt\/wp-content\/uploads\/2021\/04\/Screenshot-2021-04-02-at-12.01.21.png?resize=768%2C250&amp;ssl=1 768w, https:\/\/i0.wp.com\/jlegal.pt\/wp-content\/uploads\/2021\/04\/Screenshot-2021-04-02-at-12.01.21.png?resize=1536%2C500&amp;ssl=1 1536w, https:\/\/i0.wp.com\/jlegal.pt\/wp-content\/uploads\/2021\/04\/Screenshot-2021-04-02-at-12.01.21.png?resize=16%2C5&amp;ssl=1 16w\" sizes=\"auto, (max-width: 1842px) 100vw, 1842px\"><br \/>\n<a href=\"https:\/\/jlegal.pt\/en\/news\/\" role=\"button\"><br \/>\nGo back<br \/>\n<\/a><\/p>\n<h1>Opinion article about the M&amp;A market in Portugal<\/h1>\n<h2>Author: Jos\u00e9 Diogo Horta Os\u00f3rio<\/h2>\n<h2>8 of June 2021<\/h2>\n<p>Today we share an opinion article about the M&amp;A Market in Portugal written by our partner Jos\u00e9 Diogo Horta Os\u00f3rio. Published in Jornal Econ\u00f3mico.<\/p>\n<p><a href=\"https:\/\/jornaleconomico.sapo.pt\/noticias\/o-mercado-de-ma-em-portugal-746590#.YLjQTBI-m7I.linkedin\">O mercado de M&amp;A em Portugal \u2013 O Jornal Econ\u00f3mico (sapo.pt)<\/a><\/p>","protected":false},"excerpt":{"rendered":"<p>Today we share an opinion article about the M&#038;A Market in Portugal written by our partner Jos\u00e9 Diogo Horta Os\u00f3rio. Published in Jornal Econ\u00f3mico.<\/p>","protected":false},"author":1,"featured_media":305,"comment_status":"open","ping_status":"open","sticky":false,"template":"","format":"standard","meta":{"footnotes":""},"categories":[6],"tags":[],"class_list":["post-135","post","type-post","status-publish","format-standard","has-post-thumbnail","hentry","category-publicacoes"],"aioseo_notices":[],"acf":[],"_links":{"self":[{"href":"https:\/\/jlegal.pt\/en\/wp-json\/wp\/v2\/posts\/135","targetHints":{"allow":["GET"]}}],"collection":[{"href":"https:\/\/jlegal.pt\/en\/wp-json\/wp\/v2\/posts"}],"about":[{"href":"https:\/\/jlegal.pt\/en\/wp-json\/wp\/v2\/types\/post"}],"author":[{"embeddable":true,"href":"https:\/\/jlegal.pt\/en\/wp-json\/wp\/v2\/users\/1"}],"replies":[{"embeddable":true,"href":"https:\/\/jlegal.pt\/en\/wp-json\/wp\/v2\/comments?post=135"}],"version-history":[{"count":1,"href":"https:\/\/jlegal.pt\/en\/wp-json\/wp\/v2\/posts\/135\/revisions"}],"predecessor-version":[{"id":218,"href":"https:\/\/jlegal.pt\/en\/wp-json\/wp\/v2\/posts\/135\/revisions\/218"}],"wp:featuredmedia":[{"embeddable":true,"href":"https:\/\/jlegal.pt\/en\/wp-json\/wp\/v2\/media\/305"}],"wp:attachment":[{"href":"https:\/\/jlegal.pt\/en\/wp-json\/wp\/v2\/media?parent=135"}],"wp:term":[{"taxonomy":"category","embeddable":true,"href":"https:\/\/jlegal.pt\/en\/wp-json\/wp\/v2\/categories?post=135"},{"taxonomy":"post_tag","embeddable":true,"href":"https:\/\/jlegal.pt\/en\/wp-json\/wp\/v2\/tags?post=135"}],"curies":[{"name":"wp","href":"https:\/\/api.w.org\/{rel}","templated":true}]}}