{"id":149,"date":"2021-09-06T00:00:00","date_gmt":"2021-09-06T03:00:00","guid":{"rendered":"https:\/\/jlegal.pt\/teste\/vii-curso-pos-graduacao\/"},"modified":"2022-06-23T13:02:17","modified_gmt":"2022-06-23T16:02:17","slug":"vii-curso-pos-graduacao","status":"publish","type":"post","link":"https:\/\/jlegal.pt\/en\/vii-curso-pos-graduacao\/","title":{"rendered":"VII Curso de P\u00f3s-Gradua\u00e7\u00e3o Avan\u00e7ada em Direito Banc\u00e1rio"},"content":{"rendered":"<p><img decoding=\"async\" width=\"1842\" height=\"600\" src=\"https:\/\/jlegal.pt\/wp-content\/uploads\/2021\/04\/Screenshot-2021-04-02-at-12.01.21.png\" alt=\"\" loading=\"lazy\" srcset=\"https:\/\/i0.wp.com\/jlegal.pt\/wp-content\/uploads\/2021\/04\/Screenshot-2021-04-02-at-12.01.21.png?w=1842&amp;ssl=1 1842w, https:\/\/i0.wp.com\/jlegal.pt\/wp-content\/uploads\/2021\/04\/Screenshot-2021-04-02-at-12.01.21.png?resize=300%2C98&amp;ssl=1 300w, https:\/\/i0.wp.com\/jlegal.pt\/wp-content\/uploads\/2021\/04\/Screenshot-2021-04-02-at-12.01.21.png?resize=1024%2C334&amp;ssl=1 1024w, https:\/\/i0.wp.com\/jlegal.pt\/wp-content\/uploads\/2021\/04\/Screenshot-2021-04-02-at-12.01.21.png?resize=768%2C250&amp;ssl=1 768w, https:\/\/i0.wp.com\/jlegal.pt\/wp-content\/uploads\/2021\/04\/Screenshot-2021-04-02-at-12.01.21.png?resize=1536%2C500&amp;ssl=1 1536w, https:\/\/i0.wp.com\/jlegal.pt\/wp-content\/uploads\/2021\/04\/Screenshot-2021-04-02-at-12.01.21.png?resize=16%2C5&amp;ssl=1 16w\" sizes=\"auto, (max-width: 1842px) 100vw, 1842px\" \/><br \/>\n\t\t\t<a href=\"https:\/\/jlegal.pt\/en\/news\/\" role=\"button\"><br \/>\n\t\t\t\t\t\tGo back<br \/>\n\t\t\t\t\t<\/a><\/p>\n<h1>VII P\u00f3s-Gradua\u00e7\u00e3o em Direito Banc\u00e1rio da Faculdade de Direito da Universidade de Lisboa<\/h1>\n<h2>6th of September 2021<\/h2>\n<p>Os s\u00f3cios <strong>Diogo Horta Os\u00f3rio e Jorge Brito Pereira<\/strong> integrar\u00e3o o corpo docente da VII P\u00f3s-Gradua\u00e7\u00e3o em Direito Banc\u00e1rio da Faculdade de Direito da Universidade de Lisboa<\/p>\n<p><em>CL\u00c1USULAS T\u00cdPICAS DOS CONTRATOS DE CONCESS\u00c3O <\/em><em>DE CR\u00c9DITO \u2013 EM PARTICULAR, FINANCIAMENTO DE <\/em><em>OPERA\u00c7\u00d5ES DE M&amp;A<\/em><\/p>\n<p>\t\t\t\t\t\t\t\t\t\t\t\t\t\t\t<img decoding=\"async\" width=\"724\" height=\"1024\" src=\"https:\/\/jlegal.pt\/wp-content\/uploads\/2021\/09\/CIDP_CARTAZ-PG-Av-DBancario-VII_v2-1-724x1024.png\" alt=\"\" loading=\"lazy\" srcset=\"https:\/\/i1.wp.com\/jlegal.pt\/wp-content\/uploads\/2021\/09\/CIDP_CARTAZ-PG-Av-DBancario-VII_v2-1.png?resize=724%2C1024&amp;ssl=1 724w, https:\/\/i1.wp.com\/jlegal.pt\/wp-content\/uploads\/2021\/09\/CIDP_CARTAZ-PG-Av-DBancario-VII_v2-1.png?resize=212%2C300&amp;ssl=1 212w, https:\/\/i1.wp.com\/jlegal.pt\/wp-content\/uploads\/2021\/09\/CIDP_CARTAZ-PG-Av-DBancario-VII_v2-1.png?resize=768%2C1086&amp;ssl=1 768w, https:\/\/i1.wp.com\/jlegal.pt\/wp-content\/uploads\/2021\/09\/CIDP_CARTAZ-PG-Av-DBancario-VII_v2-1.png?resize=1086%2C1536&amp;ssl=1 1086w, https:\/\/i1.wp.com\/jlegal.pt\/wp-content\/uploads\/2021\/09\/CIDP_CARTAZ-PG-Av-DBancario-VII_v2-1.png?resize=1448%2C2048&amp;ssl=1 1448w, https:\/\/i1.wp.com\/jlegal.pt\/wp-content\/uploads\/2021\/09\/CIDP_CARTAZ-PG-Av-DBancario-VII_v2-1.png?resize=8%2C12&amp;ssl=1 8w, https:\/\/i1.wp.com\/jlegal.pt\/wp-content\/uploads\/2021\/09\/CIDP_CARTAZ-PG-Av-DBancario-VII_v2-1.png?w=1654&amp;ssl=1 1654w\" sizes=\"auto, (max-width: 724px) 100vw, 724px\" \/><\/p>","protected":false},"excerpt":{"rendered":"<p>J+ Legal partners Diogo Horta Os\u00f3rio and Jorge Brito Pereira will be lecturing on the 7th Post-Graduation of Faculdade de Direito de Lisboa<\/p>","protected":false},"author":1,"featured_media":318,"comment_status":"open","ping_status":"open","sticky":false,"template":"","format":"standard","meta":{"footnotes":""},"categories":[5],"tags":[],"class_list":["post-149","post","type-post","status-publish","format-standard","has-post-thumbnail","hentry","category-noticias"],"aioseo_notices":[],"acf":[],"_links":{"self":[{"href":"https:\/\/jlegal.pt\/en\/wp-json\/wp\/v2\/posts\/149","targetHints":{"allow":["GET"]}}],"collection":[{"href":"https:\/\/jlegal.pt\/en\/wp-json\/wp\/v2\/posts"}],"about":[{"href":"https:\/\/jlegal.pt\/en\/wp-json\/wp\/v2\/types\/post"}],"author":[{"embeddable":true,"href":"https:\/\/jlegal.pt\/en\/wp-json\/wp\/v2\/users\/1"}],"replies":[{"embeddable":true,"href":"https:\/\/jlegal.pt\/en\/wp-json\/wp\/v2\/comments?post=149"}],"version-history":[{"count":1,"href":"https:\/\/jlegal.pt\/en\/wp-json\/wp\/v2\/posts\/149\/revisions"}],"predecessor-version":[{"id":232,"href":"https:\/\/jlegal.pt\/en\/wp-json\/wp\/v2\/posts\/149\/revisions\/232"}],"wp:featuredmedia":[{"embeddable":true,"href":"https:\/\/jlegal.pt\/en\/wp-json\/wp\/v2\/media\/318"}],"wp:attachment":[{"href":"https:\/\/jlegal.pt\/en\/wp-json\/wp\/v2\/media?parent=149"}],"wp:term":[{"taxonomy":"category","embeddable":true,"href":"https:\/\/jlegal.pt\/en\/wp-json\/wp\/v2\/categories?post=149"},{"taxonomy":"post_tag","embeddable":true,"href":"https:\/\/jlegal.pt\/en\/wp-json\/wp\/v2\/tags?post=149"}],"curies":[{"name":"wp","href":"https:\/\/api.w.org\/{rel}","templated":true}]}}