{"id":151,"date":"2021-12-20T00:00:00","date_gmt":"2021-12-20T03:00:00","guid":{"rendered":"https:\/\/jlegal.pt\/teste\/jlegal-anuncia-contratacao-dos-primeiros-3-estagiarios\/"},"modified":"2022-06-23T13:02:29","modified_gmt":"2022-06-23T16:02:29","slug":"jlegal-anuncia-contratacao-dos-primeiros-3-estagiarios","status":"publish","type":"post","link":"https:\/\/jlegal.pt\/en\/jlegal-anuncia-contratacao-dos-primeiros-3-estagiarios\/","title":{"rendered":"J+Legal Anuncia Contrata\u00e7\u00e3o dos Primeiros 3 Estagi\u00e1rios"},"content":{"rendered":"<p><img decoding=\"async\" width=\"1842\" height=\"600\" src=\"https:\/\/jlegal.pt\/wp-content\/uploads\/2021\/04\/Screenshot-2021-04-02-at-12.01.21.png\" alt=\"\" loading=\"lazy\" srcset=\"https:\/\/i0.wp.com\/jlegal.pt\/wp-content\/uploads\/2021\/04\/Screenshot-2021-04-02-at-12.01.21.png?w=1842&amp;ssl=1 1842w, https:\/\/i0.wp.com\/jlegal.pt\/wp-content\/uploads\/2021\/04\/Screenshot-2021-04-02-at-12.01.21.png?resize=300%2C98&amp;ssl=1 300w, https:\/\/i0.wp.com\/jlegal.pt\/wp-content\/uploads\/2021\/04\/Screenshot-2021-04-02-at-12.01.21.png?resize=1024%2C334&amp;ssl=1 1024w, https:\/\/i0.wp.com\/jlegal.pt\/wp-content\/uploads\/2021\/04\/Screenshot-2021-04-02-at-12.01.21.png?resize=768%2C250&amp;ssl=1 768w, https:\/\/i0.wp.com\/jlegal.pt\/wp-content\/uploads\/2021\/04\/Screenshot-2021-04-02-at-12.01.21.png?resize=1536%2C500&amp;ssl=1 1536w, https:\/\/i0.wp.com\/jlegal.pt\/wp-content\/uploads\/2021\/04\/Screenshot-2021-04-02-at-12.01.21.png?resize=16%2C5&amp;ssl=1 16w\" sizes=\"auto, (max-width: 1842px) 100vw, 1842px\"><br \/>\n<a href=\"https:\/\/jlegal.pt\/en\/news\/\" role=\"button\"><br \/>\nGo back<br \/>\n<\/a><\/p>\n<h1>J+Legal Anuncia a Contrata\u00e7\u00e3o de 3 Estagi\u00e1rios Oficiais<\/h1>\n<h2>6 de setembro 2021<\/h2>\n<p>A J+Legal tem o prazer de dar as boas vindas aos seus primeiros tr\u00eas estagi\u00e1rios oficiais.<\/p>\n<p>Desejamos ao Jo\u00e3o, \u00e0 Carolina e ao Pedro as maiores felicidades nas suas carreiras que agora se iniciam na J+Legal.<\/p>\n<p><img decoding=\"async\" width=\"1024\" height=\"535\" src=\"https:\/\/jlegal.pt\/wp-content\/uploads\/2021\/12\/merge_from_ofoct-1024x535.jpg\" alt=\"\" loading=\"lazy\" srcset=\"https:\/\/i0.wp.com\/jlegal.pt\/wp-content\/uploads\/2021\/12\/merge_from_ofoct-scaled.jpg?resize=1024%2C535&amp;ssl=1 1024w, https:\/\/i0.wp.com\/jlegal.pt\/wp-content\/uploads\/2021\/12\/merge_from_ofoct-scaled.jpg?resize=300%2C157&amp;ssl=1 300w, https:\/\/i0.wp.com\/jlegal.pt\/wp-content\/uploads\/2021\/12\/merge_from_ofoct-scaled.jpg?resize=768%2C401&amp;ssl=1 768w, https:\/\/i0.wp.com\/jlegal.pt\/wp-content\/uploads\/2021\/12\/merge_from_ofoct-scaled.jpg?resize=1536%2C803&amp;ssl=1 1536w, https:\/\/i0.wp.com\/jlegal.pt\/wp-content\/uploads\/2021\/12\/merge_from_ofoct-scaled.jpg?resize=2048%2C1070&amp;ssl=1 2048w, https:\/\/i0.wp.com\/jlegal.pt\/wp-content\/uploads\/2021\/12\/merge_from_ofoct-scaled.jpg?resize=18%2C9&amp;ssl=1 18w, https:\/\/i0.wp.com\/jlegal.pt\/wp-content\/uploads\/2021\/12\/merge_from_ofoct-scaled.jpg?w=2400&amp;ssl=1 2400w\" sizes=\"auto, (max-width: 1024px) 100vw, 1024px\"><\/p>","protected":false},"excerpt":{"rendered":"<p>J+ Legal Anuncia contrata\u00e7\u00e3o dos seus primeiros 3 estagi\u00e1rios oficiais, Jo\u00e3o Leite de Carvalho, Carolina Serrano Correia e Pedro Faria.<\/p>","protected":false},"author":1,"featured_media":320,"comment_status":"open","ping_status":"open","sticky":false,"template":"","format":"standard","meta":{"footnotes":""},"categories":[5],"tags":[],"class_list":["post-151","post","type-post","status-publish","format-standard","has-post-thumbnail","hentry","category-noticias"],"aioseo_notices":[],"acf":[],"_links":{"self":[{"href":"https:\/\/jlegal.pt\/en\/wp-json\/wp\/v2\/posts\/151","targetHints":{"allow":["GET"]}}],"collection":[{"href":"https:\/\/jlegal.pt\/en\/wp-json\/wp\/v2\/posts"}],"about":[{"href":"https:\/\/jlegal.pt\/en\/wp-json\/wp\/v2\/types\/post"}],"author":[{"embeddable":true,"href":"https:\/\/jlegal.pt\/en\/wp-json\/wp\/v2\/users\/1"}],"replies":[{"embeddable":true,"href":"https:\/\/jlegal.pt\/en\/wp-json\/wp\/v2\/comments?post=151"}],"version-history":[{"count":1,"href":"https:\/\/jlegal.pt\/en\/wp-json\/wp\/v2\/posts\/151\/revisions"}],"predecessor-version":[{"id":234,"href":"https:\/\/jlegal.pt\/en\/wp-json\/wp\/v2\/posts\/151\/revisions\/234"}],"wp:featuredmedia":[{"embeddable":true,"href":"https:\/\/jlegal.pt\/en\/wp-json\/wp\/v2\/media\/320"}],"wp:attachment":[{"href":"https:\/\/jlegal.pt\/en\/wp-json\/wp\/v2\/media?parent=151"}],"wp:term":[{"taxonomy":"category","embeddable":true,"href":"https:\/\/jlegal.pt\/en\/wp-json\/wp\/v2\/categories?post=151"},{"taxonomy":"post_tag","embeddable":true,"href":"https:\/\/jlegal.pt\/en\/wp-json\/wp\/v2\/tags?post=151"}],"curies":[{"name":"wp","href":"https:\/\/api.w.org\/{rel}","templated":true}]}}