{"id":152,"date":"2021-12-20T00:00:00","date_gmt":"2021-12-20T03:00:00","guid":{"rendered":"https:\/\/jlegal.pt\/teste\/jlegal-anuncia-integracao-de-nova-socia\/"},"modified":"2022-06-23T13:02:32","modified_gmt":"2022-06-23T16:02:32","slug":"jlegal-anuncia-integracao-de-nova-socia","status":"publish","type":"post","link":"https:\/\/jlegal.pt\/en\/jlegal-anuncia-integracao-de-nova-socia\/","title":{"rendered":"J+Legal Anuncia Integra\u00e7\u00e3o de Nova S\u00f3cia"},"content":{"rendered":"<p><img decoding=\"async\" width=\"1842\" height=\"600\" src=\"https:\/\/jlegal.pt\/wp-content\/uploads\/2021\/04\/Screenshot-2021-04-02-at-12.01.21.png\" alt=\"\" loading=\"lazy\" srcset=\"https:\/\/i0.wp.com\/jlegal.pt\/wp-content\/uploads\/2021\/04\/Screenshot-2021-04-02-at-12.01.21.png?w=1842&amp;ssl=1 1842w, https:\/\/i0.wp.com\/jlegal.pt\/wp-content\/uploads\/2021\/04\/Screenshot-2021-04-02-at-12.01.21.png?resize=300%2C98&amp;ssl=1 300w, https:\/\/i0.wp.com\/jlegal.pt\/wp-content\/uploads\/2021\/04\/Screenshot-2021-04-02-at-12.01.21.png?resize=1024%2C334&amp;ssl=1 1024w, https:\/\/i0.wp.com\/jlegal.pt\/wp-content\/uploads\/2021\/04\/Screenshot-2021-04-02-at-12.01.21.png?resize=768%2C250&amp;ssl=1 768w, https:\/\/i0.wp.com\/jlegal.pt\/wp-content\/uploads\/2021\/04\/Screenshot-2021-04-02-at-12.01.21.png?resize=1536%2C500&amp;ssl=1 1536w, https:\/\/i0.wp.com\/jlegal.pt\/wp-content\/uploads\/2021\/04\/Screenshot-2021-04-02-at-12.01.21.png?resize=16%2C5&amp;ssl=1 16w\" sizes=\"auto, (max-width: 1842px) 100vw, 1842px\"><br \/>\n<a href=\"https:\/\/jlegal.pt\/en\/news\/\" role=\"button\"><br \/>\nGo back<br \/>\n<\/a><\/p>\n<h1>J+Legal Anuncia a Integra\u00e7\u00e3o de Filipa Arantes Pedroso como nova S\u00f3cia Coordenadora do Departamento de Imobili\u00e1rio<\/h1>\n<h2>10 de outubro 2021<\/h2>\n<p>A J+Legal anuncia o refor\u00e7o da sua equipa com a integra\u00e7\u00e3o de nova s\u00f3cia, <strong>Filipa Arantes Pedroso<\/strong>, que passa a coordenar o departamento de Imobili\u00e1rio.<\/p>\n<p><strong>Filipa Arantes Pedroso&nbsp;<\/strong>\u00e9 um dos nomes centrais da advocacia nacional, pioneira na advocacia feminina em Portugal, transitando da Morais Leit\u00e3o, onde foi uma das s\u00f3cias iniciais e onde era coordenadora do grupo de&nbsp;<em>corporate real estate<\/em>.<\/p>\n<p>A integra\u00e7\u00e3o de uma nova s\u00f3cia pela J+Legal decorre da procura crescente na \u00e1rea de imobili\u00e1rio e a sua complementaridade com as \u00e1reas nucleares da firma, Societ\u00e1rio, M&amp;A e Fiscal, a par de civil e Contencioso, as quais t\u00eam tido um crescimento significativo.<\/p>\n<p>Jos\u00e9 Diogo Horta Os\u00f3rio comentou que a integra\u00e7\u00e3o da nova s\u00f3cia decorre da recetividade que a firma tem sentido e da necessidade de refor\u00e7ar as compet\u00eancias pr\u00f3prias na \u00e1rea do Imobili\u00e1rio. A escolha pela Filipa \u00e9 absolutamente l\u00f3gica, pela sua enorme e reconhecida qualidade, humana e t\u00e9cnica e porque partilha integralmente da vis\u00e3o e ambi\u00e7\u00e3o comuns de prestar servi\u00e7os de advocacia de elevado valor, com grande pragmatismo e muito pr\u00f3ximos do cliente.<\/p>\n<p><img decoding=\"async\" width=\"295\" height=\"300\" src=\"https:\/\/jlegal.pt\/wp-content\/uploads\/2021\/12\/JLegal_FilipaArantesPedroso_187-1-295x300.jpg\" alt=\"\" loading=\"lazy\" srcset=\"https:\/\/i2.wp.com\/jlegal.pt\/wp-content\/uploads\/2021\/12\/JLegal_FilipaArantesPedroso_187-1.jpg?resize=295%2C300&amp;ssl=1 295w, https:\/\/i2.wp.com\/jlegal.pt\/wp-content\/uploads\/2021\/12\/JLegal_FilipaArantesPedroso_187-1.jpg?resize=1008%2C1024&amp;ssl=1 1008w, https:\/\/i2.wp.com\/jlegal.pt\/wp-content\/uploads\/2021\/12\/JLegal_FilipaArantesPedroso_187-1.jpg?resize=768%2C780&amp;ssl=1 768w, https:\/\/i2.wp.com\/jlegal.pt\/wp-content\/uploads\/2021\/12\/JLegal_FilipaArantesPedroso_187-1.jpg?resize=1512%2C1536&amp;ssl=1 1512w, https:\/\/i2.wp.com\/jlegal.pt\/wp-content\/uploads\/2021\/12\/JLegal_FilipaArantesPedroso_187-1.jpg?resize=2016%2C2048&amp;ssl=1 2016w, https:\/\/i2.wp.com\/jlegal.pt\/wp-content\/uploads\/2021\/12\/JLegal_FilipaArantesPedroso_187-1.jpg?resize=12%2C12&amp;ssl=1 12w\" sizes=\"auto, (max-width: 295px) 100vw, 295px\"><\/p>","protected":false},"excerpt":{"rendered":"<p>J+ Legal Anuncia integra\u00e7\u00e3o de Filipa Arantes Pedroso como s\u00f3cia para coordenar o departamento de imobili\u00e1rio.<\/p>","protected":false},"author":1,"featured_media":321,"comment_status":"open","ping_status":"open","sticky":false,"template":"","format":"standard","meta":{"footnotes":""},"categories":[5],"tags":[],"class_list":["post-152","post","type-post","status-publish","format-standard","has-post-thumbnail","hentry","category-noticias"],"aioseo_notices":[],"acf":[],"_links":{"self":[{"href":"https:\/\/jlegal.pt\/en\/wp-json\/wp\/v2\/posts\/152","targetHints":{"allow":["GET"]}}],"collection":[{"href":"https:\/\/jlegal.pt\/en\/wp-json\/wp\/v2\/posts"}],"about":[{"href":"https:\/\/jlegal.pt\/en\/wp-json\/wp\/v2\/types\/post"}],"author":[{"embeddable":true,"href":"https:\/\/jlegal.pt\/en\/wp-json\/wp\/v2\/users\/1"}],"replies":[{"embeddable":true,"href":"https:\/\/jlegal.pt\/en\/wp-json\/wp\/v2\/comments?post=152"}],"version-history":[{"count":1,"href":"https:\/\/jlegal.pt\/en\/wp-json\/wp\/v2\/posts\/152\/revisions"}],"predecessor-version":[{"id":235,"href":"https:\/\/jlegal.pt\/en\/wp-json\/wp\/v2\/posts\/152\/revisions\/235"}],"wp:featuredmedia":[{"embeddable":true,"href":"https:\/\/jlegal.pt\/en\/wp-json\/wp\/v2\/media\/321"}],"wp:attachment":[{"href":"https:\/\/jlegal.pt\/en\/wp-json\/wp\/v2\/media?parent=152"}],"wp:term":[{"taxonomy":"category","embeddable":true,"href":"https:\/\/jlegal.pt\/en\/wp-json\/wp\/v2\/categories?post=152"},{"taxonomy":"post_tag","embeddable":true,"href":"https:\/\/jlegal.pt\/en\/wp-json\/wp\/v2\/tags?post=152"}],"curies":[{"name":"wp","href":"https:\/\/api.w.org\/{rel}","templated":true}]}}