{"id":155,"date":"2021-12-20T00:00:00","date_gmt":"2021-12-20T03:00:00","guid":{"rendered":"https:\/\/jlegal.pt\/teste\/jlegal-assessorou-transportes-paulo-duarte-na-aquisicao-das-sociedades-do-grupo-hurtrans-e-da-hijos\/"},"modified":"2022-06-23T13:02:41","modified_gmt":"2022-06-23T16:02:41","slug":"jlegal-assessorou-transportes-paulo-duarte-na-aquisicao-das-sociedades-do-grupo-hurtrans-e-da-hijos","status":"publish","type":"post","link":"https:\/\/jlegal.pt\/en\/jlegal-assessorou-transportes-paulo-duarte-na-aquisicao-das-sociedades-do-grupo-hurtrans-e-da-hijos\/","title":{"rendered":"J+Legal assessorou Transportes Paulo Duarte na aquisi\u00e7\u00e3o das sociedades do grupo Hurtrans e da Hijos"},"content":{"rendered":"<p><img decoding=\"async\" width=\"1842\" height=\"600\" src=\"https:\/\/jlegal.pt\/wp-content\/uploads\/2021\/04\/Screenshot-2021-04-02-at-12.01.21.png\" alt=\"\" loading=\"lazy\" srcset=\"https:\/\/i0.wp.com\/jlegal.pt\/wp-content\/uploads\/2021\/04\/Screenshot-2021-04-02-at-12.01.21.png?w=1842&amp;ssl=1 1842w, https:\/\/i0.wp.com\/jlegal.pt\/wp-content\/uploads\/2021\/04\/Screenshot-2021-04-02-at-12.01.21.png?resize=300%2C98&amp;ssl=1 300w, https:\/\/i0.wp.com\/jlegal.pt\/wp-content\/uploads\/2021\/04\/Screenshot-2021-04-02-at-12.01.21.png?resize=1024%2C334&amp;ssl=1 1024w, https:\/\/i0.wp.com\/jlegal.pt\/wp-content\/uploads\/2021\/04\/Screenshot-2021-04-02-at-12.01.21.png?resize=768%2C250&amp;ssl=1 768w, https:\/\/i0.wp.com\/jlegal.pt\/wp-content\/uploads\/2021\/04\/Screenshot-2021-04-02-at-12.01.21.png?resize=1536%2C500&amp;ssl=1 1536w, https:\/\/i0.wp.com\/jlegal.pt\/wp-content\/uploads\/2021\/04\/Screenshot-2021-04-02-at-12.01.21.png?resize=16%2C5&amp;ssl=1 16w\" sizes=\"auto, (max-width: 1842px) 100vw, 1842px\" \/><br \/>\n\t\t\t<a href=\"https:\/\/jlegal.pt\/en\/news\/\" role=\"button\"><br \/>\n\t\t\t\t\t\tGo back<br \/>\n\t\t\t\t\t<\/a><\/p>\n<h1>J+Legal assessorou Transportes Paulo Duarte na aquisi\u00e7\u00e3o das sociedades do grupo Hurtrans e da Hijos<\/h1>\n<h2>10 de novembro 2021<\/h2>\n<p>A J+Legal assessorou a Transportes Paulo Duarte na aquisi\u00e7\u00e3o da integralidade do capital social das sociedades espanholas Cisternas Hurtrans e Tank Hurt (Grupo Hurtrans) e ainda na tomada de uma participa\u00e7\u00e3o maiorit\u00e1ria e de controlo na sociedade espanhola Hijos de Rom\u00e1n Bono Guarner.<\/p>\n<p>A Transportes\u00a0Paulo Duarte\u00a0\u00e9 uma das empresas l\u00edder no sector dos transportes rodovi\u00e1rios de mercadorias a operar em Portugal.<\/p>\n<p>No c\u00f4mputo global, o Grupo Hurtrans e a Hijos de Rom\u00e1n Bono Guarner contam com cerca de 240 trabalhadores e ainda com uma frota de 290 cisternas, 23 cami\u00f5es r\u00edgidos e 215 cami\u00f5es-tratores.<\/p>\n<p>A transa\u00e7\u00e3o envolveu as equipas de Societ\u00e1rio e M&amp;A e Tax da J+Legal e foi coordenada pelos s\u00f3cios respetivos Jos\u00e9 Diogo Horta Os\u00f3rio e Jaime Carvalho Esteves e contou ainda com a participa\u00e7\u00e3o dos associados s\u00e9nior Louren\u00e7o C\u00f4rte-Real e Manuel da Gama Quaresma e ainda da advogada-estagi\u00e1ria Carolina Correia.<\/p>\n<p>Poder\u00e1 encontrar mais informa\u00e7\u00f5es sobre a transa\u00e7\u00e3o na publica\u00e7\u00e3o do\u00a0<a href=\"https:\/\/jornaleconomico.sapo.pt\/noticias\/jlegal-assessorou-transportes-paulo-duarte-na-aquisicao-das-sociedades-do-grupo-hurtrans-e-da-hijos-812151\">Jornal Econ\u00f3mico aqui<\/a>.<\/p>\n<p>\t\t\t\t\t\t\t\t\t\t\t\t<img decoding=\"async\" width=\"768\" height=\"432\" src=\"https:\/\/jlegal.pt\/wp-content\/uploads\/2021\/12\/paulo-duarte-transportes-768x432.jpg\" alt=\"\" loading=\"lazy\" srcset=\"https:\/\/i2.wp.com\/jlegal.pt\/wp-content\/uploads\/2021\/12\/paulo-duarte-transportes.jpg?resize=768%2C432&amp;ssl=1 768w, https:\/\/i2.wp.com\/jlegal.pt\/wp-content\/uploads\/2021\/12\/paulo-duarte-transportes.jpg?resize=300%2C169&amp;ssl=1 300w, https:\/\/i2.wp.com\/jlegal.pt\/wp-content\/uploads\/2021\/12\/paulo-duarte-transportes.jpg?resize=18%2C10&amp;ssl=1 18w, https:\/\/i2.wp.com\/jlegal.pt\/wp-content\/uploads\/2021\/12\/paulo-duarte-transportes.jpg?w=810&amp;ssl=1 810w\" sizes=\"auto, (max-width: 768px) 100vw, 768px\" \/><\/p>","protected":false},"excerpt":{"rendered":"<p>A transa\u00e7\u00e3o envolveu as equipas de Societ\u00e1rio e M&#038;A e Tax da J + Legal | Sociedade de Advogados e foi coordenada pelos s\u00f3cios respetivos Jos\u00e9 Diogo Horta Os\u00f3rio e Jaime Carvalho Esteves e contou ainda com a participa\u00e7\u00e3o dos associados s\u00e9nior Louren\u00e7o C\u00f4rte-Real e Manuel da Gama Quaresma e ainda da advogada-estagi\u00e1ria Carolina Correia.<\/p>","protected":false},"author":1,"featured_media":325,"comment_status":"open","ping_status":"open","sticky":false,"template":"","format":"standard","meta":{"footnotes":""},"categories":[5],"tags":[],"class_list":["post-155","post","type-post","status-publish","format-standard","has-post-thumbnail","hentry","category-noticias"],"aioseo_notices":[],"acf":[],"_links":{"self":[{"href":"https:\/\/jlegal.pt\/en\/wp-json\/wp\/v2\/posts\/155","targetHints":{"allow":["GET"]}}],"collection":[{"href":"https:\/\/jlegal.pt\/en\/wp-json\/wp\/v2\/posts"}],"about":[{"href":"https:\/\/jlegal.pt\/en\/wp-json\/wp\/v2\/types\/post"}],"author":[{"embeddable":true,"href":"https:\/\/jlegal.pt\/en\/wp-json\/wp\/v2\/users\/1"}],"replies":[{"embeddable":true,"href":"https:\/\/jlegal.pt\/en\/wp-json\/wp\/v2\/comments?post=155"}],"version-history":[{"count":1,"href":"https:\/\/jlegal.pt\/en\/wp-json\/wp\/v2\/posts\/155\/revisions"}],"predecessor-version":[{"id":238,"href":"https:\/\/jlegal.pt\/en\/wp-json\/wp\/v2\/posts\/155\/revisions\/238"}],"wp:featuredmedia":[{"embeddable":true,"href":"https:\/\/jlegal.pt\/en\/wp-json\/wp\/v2\/media\/325"}],"wp:attachment":[{"href":"https:\/\/jlegal.pt\/en\/wp-json\/wp\/v2\/media?parent=155"}],"wp:term":[{"taxonomy":"category","embeddable":true,"href":"https:\/\/jlegal.pt\/en\/wp-json\/wp\/v2\/categories?post=155"},{"taxonomy":"post_tag","embeddable":true,"href":"https:\/\/jlegal.pt\/en\/wp-json\/wp\/v2\/tags?post=155"}],"curies":[{"name":"wp","href":"https:\/\/api.w.org\/{rel}","templated":true}]}}