{"id":157,"date":"2021-12-20T00:00:00","date_gmt":"2021-12-20T03:00:00","guid":{"rendered":"https:\/\/jlegal.pt\/teste\/flash-alert-lei-n-o-82-2021-de-30-de-novembro\/"},"modified":"2022-06-23T13:02:43","modified_gmt":"2022-06-23T16:02:43","slug":"flash-alert-lei-n-o-82-2021-de-30-de-novembro","status":"publish","type":"post","link":"https:\/\/jlegal.pt\/en\/flash-alert-lei-n-o-82-2021-de-30-de-novembro\/","title":{"rendered":"FLASH ALERT: Lei n.\u00ba 82\/2021, de 30 de Novembro"},"content":{"rendered":"<p><img decoding=\"async\" width=\"1842\" height=\"600\" src=\"https:\/\/jlegal.pt\/wp-content\/uploads\/2021\/04\/Screenshot-2021-04-02-at-12.01.21.png\" alt=\"\" loading=\"lazy\" srcset=\"https:\/\/i0.wp.com\/jlegal.pt\/wp-content\/uploads\/2021\/04\/Screenshot-2021-04-02-at-12.01.21.png?w=1842&amp;ssl=1 1842w, https:\/\/i0.wp.com\/jlegal.pt\/wp-content\/uploads\/2021\/04\/Screenshot-2021-04-02-at-12.01.21.png?resize=300%2C98&amp;ssl=1 300w, https:\/\/i0.wp.com\/jlegal.pt\/wp-content\/uploads\/2021\/04\/Screenshot-2021-04-02-at-12.01.21.png?resize=1024%2C334&amp;ssl=1 1024w, https:\/\/i0.wp.com\/jlegal.pt\/wp-content\/uploads\/2021\/04\/Screenshot-2021-04-02-at-12.01.21.png?resize=768%2C250&amp;ssl=1 768w, https:\/\/i0.wp.com\/jlegal.pt\/wp-content\/uploads\/2021\/04\/Screenshot-2021-04-02-at-12.01.21.png?resize=1536%2C500&amp;ssl=1 1536w, https:\/\/i0.wp.com\/jlegal.pt\/wp-content\/uploads\/2021\/04\/Screenshot-2021-04-02-at-12.01.21.png?resize=16%2C5&amp;ssl=1 16w\" sizes=\"auto, (max-width: 1842px) 100vw, 1842px\" \/><br \/>\n\t\t\t<a href=\"https:\/\/jlegal.pt\/en\/news\/\" role=\"button\"><br \/>\n\t\t\t\t\t\tGo back<br \/>\n\t\t\t\t\t<\/a><\/p>\n<h1><i><b>FLASH ALERT<\/b><\/i> &#8211; Direitos de Autor: Fiscaliza\u00e7\u00e3o e controlo de conte\u00fados protegidos em ambiente digital, introduzido pela Lei n.\u00ba 82\/2021, de 30 de novembro.<\/h1>\n<h2>30 de novembro 2021<\/h2>\n<p>A J+Legal preparou um<b><i> FLASH ALERT<\/i><\/b> onde aborda a fiscaliza\u00e7\u00e3o e controlo de conte\u00fados protegidos em ambiente digital.<\/p>\n<figure><img decoding=\"async\" src=\"https:\/\/jlegal.pt\/wp-content\/uploads\/2021\/12\/FlashAlertDireitosdeAutorDigital1_page-0001.jpg\" alt=\"FlashAlertDireitosdeAutorDigital1_page-0001\" \/><\/figure>\n<figure><img decoding=\"async\" src=\"https:\/\/jlegal.pt\/wp-content\/uploads\/2021\/12\/FlashAlertDireitosdeAutorDigital1_page-0002.jpg\" alt=\"FlashAlertDireitosdeAutorDigital1_page-0002\" \/><\/figure>\n<figure><img decoding=\"async\" src=\"https:\/\/jlegal.pt\/wp-content\/uploads\/2021\/12\/FlashAlertDireitosdeAutorDigital1_page-0003.jpg\" alt=\"FlashAlertDireitosdeAutorDigital1_page-0003\" \/><\/figure>\n<figure><img decoding=\"async\" src=\"https:\/\/jlegal.pt\/wp-content\/uploads\/2021\/12\/FlashAlertDireitosdeAutorDigital1_page-0004.jpg\" alt=\"FlashAlertDireitosdeAutorDigital1_page-0004\" \/><\/figure>\n<figure><img decoding=\"async\" src=\"https:\/\/jlegal.pt\/wp-content\/uploads\/2021\/12\/FlashAlertDireitosdeAutorDigital1_page-0005.jpg\" alt=\"FlashAlertDireitosdeAutorDigital1_page-0005\" \/><\/figure>\n<p>\t\t\t\t\t\t\t\t\t\t\t\tPrevious<br \/>\n\t\t\t\t\t\t\t\t\t\t\t\tNext<\/p>\n<p><a href=\"https:\/\/jlegal.pt\/wp-content\/uploads\/2021\/12\/FlashAlertDireitosdeAutorDigital1.pdf\">DOWNLOAD <em>FLASH ALERT<\/em><\/a><\/p>","protected":false},"excerpt":{"rendered":"<p>FLASH ALERT sobre os mecanismos de fiscaliza\u00e7\u00e3o e controlo de conte\u00fados protegidos por direitos de autor em ambiente digital, introduzidos pela Lei n\u00ba. 82\/2021, de 30 de Novembro.<\/p>","protected":false},"author":1,"featured_media":327,"comment_status":"open","ping_status":"open","sticky":false,"template":"","format":"standard","meta":{"footnotes":""},"categories":[6],"tags":[],"class_list":["post-157","post","type-post","status-publish","format-standard","has-post-thumbnail","hentry","category-publicacoes"],"aioseo_notices":[],"acf":[],"_links":{"self":[{"href":"https:\/\/jlegal.pt\/en\/wp-json\/wp\/v2\/posts\/157","targetHints":{"allow":["GET"]}}],"collection":[{"href":"https:\/\/jlegal.pt\/en\/wp-json\/wp\/v2\/posts"}],"about":[{"href":"https:\/\/jlegal.pt\/en\/wp-json\/wp\/v2\/types\/post"}],"author":[{"embeddable":true,"href":"https:\/\/jlegal.pt\/en\/wp-json\/wp\/v2\/users\/1"}],"replies":[{"embeddable":true,"href":"https:\/\/jlegal.pt\/en\/wp-json\/wp\/v2\/comments?post=157"}],"version-history":[{"count":1,"href":"https:\/\/jlegal.pt\/en\/wp-json\/wp\/v2\/posts\/157\/revisions"}],"predecessor-version":[{"id":240,"href":"https:\/\/jlegal.pt\/en\/wp-json\/wp\/v2\/posts\/157\/revisions\/240"}],"wp:featuredmedia":[{"embeddable":true,"href":"https:\/\/jlegal.pt\/en\/wp-json\/wp\/v2\/media\/327"}],"wp:attachment":[{"href":"https:\/\/jlegal.pt\/en\/wp-json\/wp\/v2\/media?parent=157"}],"wp:term":[{"taxonomy":"category","embeddable":true,"href":"https:\/\/jlegal.pt\/en\/wp-json\/wp\/v2\/categories?post=157"},{"taxonomy":"post_tag","embeddable":true,"href":"https:\/\/jlegal.pt\/en\/wp-json\/wp\/v2\/tags?post=157"}],"curies":[{"name":"wp","href":"https:\/\/api.w.org\/{rel}","templated":true}]}}