{"id":158,"date":"2021-12-20T00:00:00","date_gmt":"2021-12-20T03:00:00","guid":{"rendered":"https:\/\/jlegal.pt\/teste\/jlegal-no-anuario-do-jornal-economico-quem-e-quem-na-advocacia-de-negocios\/"},"modified":"2022-06-23T13:02:50","modified_gmt":"2022-06-23T16:02:50","slug":"jlegal-no-anuario-do-jornal-economico-quem-e-quem-na-advocacia-de-negocios","status":"publish","type":"post","link":"https:\/\/jlegal.pt\/en\/jlegal-no-anuario-do-jornal-economico-quem-e-quem-na-advocacia-de-negocios\/","title":{"rendered":"J+Legal no anu\u00e1rio do Jornal Econ\u00f3mico, Quem \u00e9 Quem na Advocacia de Neg\u00f3cios"},"content":{"rendered":"<p><img decoding=\"async\" width=\"1842\" height=\"600\" src=\"https:\/\/jlegal.pt\/wp-content\/uploads\/2021\/04\/Screenshot-2021-04-02-at-12.01.21.png\" alt=\"\" loading=\"lazy\" srcset=\"https:\/\/i0.wp.com\/jlegal.pt\/wp-content\/uploads\/2021\/04\/Screenshot-2021-04-02-at-12.01.21.png?w=1842&amp;ssl=1 1842w, https:\/\/i0.wp.com\/jlegal.pt\/wp-content\/uploads\/2021\/04\/Screenshot-2021-04-02-at-12.01.21.png?resize=300%2C98&amp;ssl=1 300w, https:\/\/i0.wp.com\/jlegal.pt\/wp-content\/uploads\/2021\/04\/Screenshot-2021-04-02-at-12.01.21.png?resize=1024%2C334&amp;ssl=1 1024w, https:\/\/i0.wp.com\/jlegal.pt\/wp-content\/uploads\/2021\/04\/Screenshot-2021-04-02-at-12.01.21.png?resize=768%2C250&amp;ssl=1 768w, https:\/\/i0.wp.com\/jlegal.pt\/wp-content\/uploads\/2021\/04\/Screenshot-2021-04-02-at-12.01.21.png?resize=1536%2C500&amp;ssl=1 1536w, https:\/\/i0.wp.com\/jlegal.pt\/wp-content\/uploads\/2021\/04\/Screenshot-2021-04-02-at-12.01.21.png?resize=16%2C5&amp;ssl=1 16w\" sizes=\"auto, (max-width: 1842px) 100vw, 1842px\" \/><br \/>\n\t\t\t<a href=\"https:\/\/jlegal.pt\/en\/news\/\" role=\"button\"><br \/>\n\t\t\t\t\t\tGo back<br \/>\n\t\t\t\t\t<\/a><\/p>\n<h1>J+Legal Estreia-se no Anu\u00e1rio do Jornal Econ\u00f3mico, <i>Quem \u00e9 Quem na Advocacia de Neg\u00f3cios<\/i><\/h1>\n<h2>30 de novembro 2021<\/h2>\n<p>A J+Legal estreia-se este ano no Anu\u00e1rio do Jornal Econ\u00f3mico, <i><b>Quem \u00e9 Quem na Advocacia<\/b><\/i>, e conta com coment\u00e1rio do s\u00f3cio coordenador do departamento de Tax, Jaime Esteves, sobre a nossa vis\u00e3o quanto \u00e0 advocacia no ano de 2022.<\/p>\n<p>\u00a0<\/p>\n<p><a href=\"https:\/\/leitor.jornaleconomico.pt\/download?token=878a856ec8145a1cc83356e88ba58094&amp;file=Quem_%C3%A9_quem_dos_advogados.pdf\">Confira o Anu\u00e1rio aqui.<\/a><\/p>\n<p>\t\t\t\t\t\t\t\t\t\t\t\t\t\t\t<img decoding=\"async\" width=\"768\" height=\"417\" src=\"https:\/\/jlegal.pt\/wp-content\/uploads\/2021\/12\/246A0428-Edit-1-768x417.jpg\" alt=\"\" loading=\"lazy\" srcset=\"https:\/\/i1.wp.com\/jlegal.pt\/wp-content\/uploads\/2021\/12\/246A0428-Edit-1-scaled.jpg?resize=768%2C417&amp;ssl=1 768w, https:\/\/i1.wp.com\/jlegal.pt\/wp-content\/uploads\/2021\/12\/246A0428-Edit-1-scaled.jpg?resize=300%2C163&amp;ssl=1 300w, https:\/\/i1.wp.com\/jlegal.pt\/wp-content\/uploads\/2021\/12\/246A0428-Edit-1-scaled.jpg?resize=1024%2C556&amp;ssl=1 1024w, https:\/\/i1.wp.com\/jlegal.pt\/wp-content\/uploads\/2021\/12\/246A0428-Edit-1-scaled.jpg?resize=1536%2C833&amp;ssl=1 1536w, https:\/\/i1.wp.com\/jlegal.pt\/wp-content\/uploads\/2021\/12\/246A0428-Edit-1-scaled.jpg?resize=2048%2C1111&amp;ssl=1 2048w, https:\/\/i1.wp.com\/jlegal.pt\/wp-content\/uploads\/2021\/12\/246A0428-Edit-1-scaled.jpg?resize=18%2C10&amp;ssl=1 18w, https:\/\/i1.wp.com\/jlegal.pt\/wp-content\/uploads\/2021\/12\/246A0428-Edit-1-scaled.jpg?w=2400&amp;ssl=1 2400w\" sizes=\"auto, (max-width: 768px) 100vw, 768px\" \/><\/p>","protected":false},"excerpt":{"rendered":"<p>J+Legal estreia-se no anu\u00e1rio do Jornal Econ\u00f3mico, Quem \u00e9 Quem na Advocacia de Neg\u00f3cios<\/p>","protected":false},"author":1,"featured_media":329,"comment_status":"open","ping_status":"open","sticky":false,"template":"","format":"standard","meta":{"footnotes":""},"categories":[5],"tags":[],"class_list":["post-158","post","type-post","status-publish","format-standard","has-post-thumbnail","hentry","category-noticias"],"aioseo_notices":[],"acf":[],"_links":{"self":[{"href":"https:\/\/jlegal.pt\/en\/wp-json\/wp\/v2\/posts\/158","targetHints":{"allow":["GET"]}}],"collection":[{"href":"https:\/\/jlegal.pt\/en\/wp-json\/wp\/v2\/posts"}],"about":[{"href":"https:\/\/jlegal.pt\/en\/wp-json\/wp\/v2\/types\/post"}],"author":[{"embeddable":true,"href":"https:\/\/jlegal.pt\/en\/wp-json\/wp\/v2\/users\/1"}],"replies":[{"embeddable":true,"href":"https:\/\/jlegal.pt\/en\/wp-json\/wp\/v2\/comments?post=158"}],"version-history":[{"count":1,"href":"https:\/\/jlegal.pt\/en\/wp-json\/wp\/v2\/posts\/158\/revisions"}],"predecessor-version":[{"id":241,"href":"https:\/\/jlegal.pt\/en\/wp-json\/wp\/v2\/posts\/158\/revisions\/241"}],"wp:featuredmedia":[{"embeddable":true,"href":"https:\/\/jlegal.pt\/en\/wp-json\/wp\/v2\/media\/329"}],"wp:attachment":[{"href":"https:\/\/jlegal.pt\/en\/wp-json\/wp\/v2\/media?parent=158"}],"wp:term":[{"taxonomy":"category","embeddable":true,"href":"https:\/\/jlegal.pt\/en\/wp-json\/wp\/v2\/categories?post=158"},{"taxonomy":"post_tag","embeddable":true,"href":"https:\/\/jlegal.pt\/en\/wp-json\/wp\/v2\/tags?post=158"}],"curies":[{"name":"wp","href":"https:\/\/api.w.org\/{rel}","templated":true}]}}