{"id":162,"date":"2021-12-21T00:00:00","date_gmt":"2021-12-21T03:00:00","guid":{"rendered":"https:\/\/jlegal.pt\/teste\/jlegal-anuncia-novo-associado\/"},"modified":"2022-06-23T13:03:13","modified_gmt":"2022-06-23T16:03:13","slug":"jlegal-anuncia-novo-associado","status":"publish","type":"post","link":"https:\/\/jlegal.pt\/en\/jlegal-anuncia-novo-associado\/","title":{"rendered":"J+Legal Anuncia Novo Associado"},"content":{"rendered":"<p><img decoding=\"async\" width=\"1842\" height=\"600\" src=\"https:\/\/jlegal.pt\/wp-content\/uploads\/2021\/04\/Screenshot-2021-04-02-at-12.01.21.png\" alt=\"\" loading=\"lazy\" srcset=\"https:\/\/i0.wp.com\/jlegal.pt\/wp-content\/uploads\/2021\/04\/Screenshot-2021-04-02-at-12.01.21.png?w=1842&amp;ssl=1 1842w, https:\/\/i0.wp.com\/jlegal.pt\/wp-content\/uploads\/2021\/04\/Screenshot-2021-04-02-at-12.01.21.png?resize=300%2C98&amp;ssl=1 300w, https:\/\/i0.wp.com\/jlegal.pt\/wp-content\/uploads\/2021\/04\/Screenshot-2021-04-02-at-12.01.21.png?resize=1024%2C334&amp;ssl=1 1024w, https:\/\/i0.wp.com\/jlegal.pt\/wp-content\/uploads\/2021\/04\/Screenshot-2021-04-02-at-12.01.21.png?resize=768%2C250&amp;ssl=1 768w, https:\/\/i0.wp.com\/jlegal.pt\/wp-content\/uploads\/2021\/04\/Screenshot-2021-04-02-at-12.01.21.png?resize=1536%2C500&amp;ssl=1 1536w, https:\/\/i0.wp.com\/jlegal.pt\/wp-content\/uploads\/2021\/04\/Screenshot-2021-04-02-at-12.01.21.png?resize=16%2C5&amp;ssl=1 16w\" sizes=\"auto, (max-width: 1842px) 100vw, 1842px\"><br \/>\n<a href=\"https:\/\/jlegal.pt\/en\/news\/\" role=\"button\"><br \/>\nGo back<br \/>\n<\/a><\/p>\n<h1>J+Legal Anuncia Nuno de Mendia como mais recente Associado<\/h1>\n<h2>21 de dezembro 2021<\/h2>\n<p>A J+Legal tem o prazer de anunciar&nbsp;<strong><a href=\"https:\/\/jlegal.pt\/pt\/jnuno-de-mendia\/\" target=\"_blank\" rel=\"noopener\">Nuno de Mendia<\/a>&nbsp;<\/strong>como o seu mais recente refor\u00e7o.<\/p>\n<p><a href=\"https:\/\/jlegal.pt\/pt\/jnuno-de-mendia\/\"><strong>Nuno de Mendia<\/strong><\/a> vem refor\u00e7ar o departamento de Imobili\u00e1rio, que \u00e9 coordenado pela S\u00f3cia Filipa Arantes Pedroso.<\/p>\n<p>Antes de se juntar \u00e0 J+Legal, o <a href=\"https:\/\/jlegal.pt\/pt\/jnuno-de-mendia\/\"><strong>Nuno<\/strong><\/a> esteve desde 2006 na Eversheds Suherland FCB, onde iniciou a sua carreira como Advogado Estagi\u00e1rio e se tornou Associado S\u00e9nior.<\/p>\n<p>A integra\u00e7\u00e3o de um novo associado pela J+Legal decorre da procura crescente na \u00e1rea de imobili\u00e1rio e a sua complementaridade com as \u00e1reas nucleares da firma, Societ\u00e1rio, M&amp;A e Fiscal, a par de civil e Contencioso, as quais t\u00eam tido um crescimento significativo.<\/p>\n<p>A J+Legal deseja a&nbsp;<a href=\"https:\/\/jlegal.pt\/pt\/jnuno-de-mendia\/\"><strong>Nuno de Mendia<\/strong><\/a> todas as felicidades, e que este dia marque o in\u00edcio de uma longa e bem sucedida rela\u00e7\u00e3o profissional.<\/p>\n<p><img decoding=\"async\" width=\"191\" height=\"300\" src=\"https:\/\/jlegal.pt\/wp-content\/uploads\/2021\/12\/2021-12-16-Foto-JLegal-II-3-191x300.jpeg\" alt=\"\" loading=\"lazy\" srcset=\"https:\/\/i1.wp.com\/jlegal.pt\/wp-content\/uploads\/2021\/12\/2021-12-16-Foto-JLegal-II-3.jpeg?resize=191%2C300&amp;ssl=1 191w, https:\/\/i1.wp.com\/jlegal.pt\/wp-content\/uploads\/2021\/12\/2021-12-16-Foto-JLegal-II-3.jpeg?resize=8%2C12&amp;ssl=1 8w, https:\/\/i1.wp.com\/jlegal.pt\/wp-content\/uploads\/2021\/12\/2021-12-16-Foto-JLegal-II-3.jpeg?w=613&amp;ssl=1 613w\" sizes=\"auto, (max-width: 191px) 100vw, 191px\"><\/p>","protected":false},"excerpt":{"rendered":"<p>J+ Legal Anuncia Nuno de Mendia como o mais recente Associado para o departamento de imobili\u00e1rio.<\/p>","protected":false},"author":1,"featured_media":334,"comment_status":"open","ping_status":"open","sticky":false,"template":"","format":"standard","meta":{"footnotes":""},"categories":[5],"tags":[],"class_list":["post-162","post","type-post","status-publish","format-standard","has-post-thumbnail","hentry","category-noticias"],"aioseo_notices":[],"acf":[],"_links":{"self":[{"href":"https:\/\/jlegal.pt\/en\/wp-json\/wp\/v2\/posts\/162","targetHints":{"allow":["GET"]}}],"collection":[{"href":"https:\/\/jlegal.pt\/en\/wp-json\/wp\/v2\/posts"}],"about":[{"href":"https:\/\/jlegal.pt\/en\/wp-json\/wp\/v2\/types\/post"}],"author":[{"embeddable":true,"href":"https:\/\/jlegal.pt\/en\/wp-json\/wp\/v2\/users\/1"}],"replies":[{"embeddable":true,"href":"https:\/\/jlegal.pt\/en\/wp-json\/wp\/v2\/comments?post=162"}],"version-history":[{"count":1,"href":"https:\/\/jlegal.pt\/en\/wp-json\/wp\/v2\/posts\/162\/revisions"}],"predecessor-version":[{"id":245,"href":"https:\/\/jlegal.pt\/en\/wp-json\/wp\/v2\/posts\/162\/revisions\/245"}],"wp:featuredmedia":[{"embeddable":true,"href":"https:\/\/jlegal.pt\/en\/wp-json\/wp\/v2\/media\/334"}],"wp:attachment":[{"href":"https:\/\/jlegal.pt\/en\/wp-json\/wp\/v2\/media?parent=162"}],"wp:term":[{"taxonomy":"category","embeddable":true,"href":"https:\/\/jlegal.pt\/en\/wp-json\/wp\/v2\/categories?post=162"},{"taxonomy":"post_tag","embeddable":true,"href":"https:\/\/jlegal.pt\/en\/wp-json\/wp\/v2\/tags?post=162"}],"curies":[{"name":"wp","href":"https:\/\/api.w.org\/{rel}","templated":true}]}}