{"id":167,"date":"2022-01-17T00:00:00","date_gmt":"2022-01-17T03:00:00","guid":{"rendered":"https:\/\/jlegal.pt\/teste\/jaime-carvalho-esteves-e-filipa-arantes-pedroso-citados-no-jornal-de-negocios\/"},"modified":"2022-06-23T13:03:51","modified_gmt":"2022-06-23T16:03:51","slug":"jaime-carvalho-esteves-e-filipa-arantes-pedroso-citados-no-jornal-de-negocios","status":"publish","type":"post","link":"https:\/\/jlegal.pt\/en\/jaime-carvalho-esteves-e-filipa-arantes-pedroso-citados-no-jornal-de-negocios\/","title":{"rendered":"Jaime Carvalho Esteves e Filipa Arantes Pedroso citados no Jornal de Neg\u00f3cios"},"content":{"rendered":"<p><img decoding=\"async\" width=\"1842\" height=\"600\" src=\"https:\/\/jlegal.pt\/wp-content\/uploads\/2021\/04\/Screenshot-2021-04-02-at-12.01.21.png\" alt=\"\" loading=\"lazy\" srcset=\"https:\/\/i0.wp.com\/jlegal.pt\/wp-content\/uploads\/2021\/04\/Screenshot-2021-04-02-at-12.01.21.png?w=1842&amp;ssl=1 1842w, https:\/\/i0.wp.com\/jlegal.pt\/wp-content\/uploads\/2021\/04\/Screenshot-2021-04-02-at-12.01.21.png?resize=300%2C98&amp;ssl=1 300w, https:\/\/i0.wp.com\/jlegal.pt\/wp-content\/uploads\/2021\/04\/Screenshot-2021-04-02-at-12.01.21.png?resize=1024%2C334&amp;ssl=1 1024w, https:\/\/i0.wp.com\/jlegal.pt\/wp-content\/uploads\/2021\/04\/Screenshot-2021-04-02-at-12.01.21.png?resize=768%2C250&amp;ssl=1 768w, https:\/\/i0.wp.com\/jlegal.pt\/wp-content\/uploads\/2021\/04\/Screenshot-2021-04-02-at-12.01.21.png?resize=1536%2C500&amp;ssl=1 1536w, https:\/\/i0.wp.com\/jlegal.pt\/wp-content\/uploads\/2021\/04\/Screenshot-2021-04-02-at-12.01.21.png?resize=16%2C5&amp;ssl=1 16w\" sizes=\"auto, (max-width: 1842px) 100vw, 1842px\" \/><br \/>\n\t\t\t<a href=\"https:\/\/jlegal.pt\/en\/news\/\" role=\"button\"><br \/>\n\t\t\t\t\t\tGo back<br \/>\n\t\t\t\t\t<\/a><\/p>\n<h1>Jaime Carvalho Esteves and Filipa Arantes Pedroso, partners at J+Legal, quoted in Jornal de Neg\u00f3cios, regarding the forecast of economic activity for 2022<\/h1>\n<h2>17 de janeiro 2022<\/h2>\n<p><b>J<a href=\"https:\/\/jlegal.pt\/pt\/jaime-carvalho-esteves\/\" target=\"_blank\" rel=\"noopener\">a<\/a><a href=\"https:\/\/jlegal.pt\/pt\/jaime-carvalho-esteves\/\">ime Carvalho Esteve<\/a><a href=\"https:\/\/jlegal.pt\/pt\/jaime-carvalho-esteves\/\" target=\"_blank\" rel=\"noopener\">s<\/a>\u00a0<\/b>and\u00a0<a href=\"https:\/\/jlegal.pt\/pt\/jfilipa-arantes-pedroso\/\" target=\"_blank\" rel=\"noopener\"><b>Filipa Arantes Pedroso<\/b><\/a>, partners, are quoted by Jornal de Neg\u00f3cios| Lex, on January 6, in an article that anticipates the law market in 2022.<\/p>\n<p>For the founding partner of J+Legal, Jaime Carvalho Esteves, whether by the increase in mergers and acquisitions or through the PRR, &#8220;in any scenario, the areas of mergers and restructuring should continue their consolidated growth and have a year that may break transaction records, both in number and volume.<\/p>\n<p>On the other hand, partner Filipa Arantes Pedroso, responsible for the Real Estate area at J+Legal, &#8220;believes that in her practice area there are good perspectives of growth this year.(&#8230;) There is great liquidity in the market and lack of supply, particularly in the area of quality offices, which makes competition in this sector very fierce&#8221;.<\/p>\n<p><a href=\"https:\/\/jlegal.pt\/wp-content\/uploads\/2022\/01\/combinepdf.pdf\" target=\"_blank\" rel=\"noopener\"><b>Read the article here.<\/b><\/a><\/p>","protected":false},"excerpt":{"rendered":"<p>Jaime Carvalho Esteves e Filipa Arantes Pedroso, s\u00f3cios da J+Legal, citados no Jornal de Neg\u00f3cios, quanto \u00e0 previs\u00e3o da atividade econ\u00f3mica para 2022<\/p>","protected":false},"author":1,"featured_media":338,"comment_status":"open","ping_status":"open","sticky":false,"template":"","format":"standard","meta":{"footnotes":""},"categories":[5],"tags":[],"class_list":["post-167","post","type-post","status-publish","format-standard","has-post-thumbnail","hentry","category-noticias"],"aioseo_notices":[],"acf":[],"_links":{"self":[{"href":"https:\/\/jlegal.pt\/en\/wp-json\/wp\/v2\/posts\/167","targetHints":{"allow":["GET"]}}],"collection":[{"href":"https:\/\/jlegal.pt\/en\/wp-json\/wp\/v2\/posts"}],"about":[{"href":"https:\/\/jlegal.pt\/en\/wp-json\/wp\/v2\/types\/post"}],"author":[{"embeddable":true,"href":"https:\/\/jlegal.pt\/en\/wp-json\/wp\/v2\/users\/1"}],"replies":[{"embeddable":true,"href":"https:\/\/jlegal.pt\/en\/wp-json\/wp\/v2\/comments?post=167"}],"version-history":[{"count":1,"href":"https:\/\/jlegal.pt\/en\/wp-json\/wp\/v2\/posts\/167\/revisions"}],"predecessor-version":[{"id":250,"href":"https:\/\/jlegal.pt\/en\/wp-json\/wp\/v2\/posts\/167\/revisions\/250"}],"wp:featuredmedia":[{"embeddable":true,"href":"https:\/\/jlegal.pt\/en\/wp-json\/wp\/v2\/media\/338"}],"wp:attachment":[{"href":"https:\/\/jlegal.pt\/en\/wp-json\/wp\/v2\/media?parent=167"}],"wp:term":[{"taxonomy":"category","embeddable":true,"href":"https:\/\/jlegal.pt\/en\/wp-json\/wp\/v2\/categories?post=167"},{"taxonomy":"post_tag","embeddable":true,"href":"https:\/\/jlegal.pt\/en\/wp-json\/wp\/v2\/tags?post=167"}],"curies":[{"name":"wp","href":"https:\/\/api.w.org\/{rel}","templated":true}]}}