{"id":169,"date":"2022-01-19T00:00:00","date_gmt":"2022-01-19T03:00:00","guid":{"rendered":"https:\/\/jlegal.pt\/teste\/jorge-brito-pereira-socio-de-mercado-de-capitais-fala-sobre-a-proxima-alteracao-do-codigo-de-valores-mobiliarios\/"},"modified":"2022-06-23T13:03:52","modified_gmt":"2022-06-23T16:03:52","slug":"jorge-brito-pereira-socio-de-mercado-de-capitais-fala-sobre-a-proxima-alteracao-do-codigo-de-valores-mobiliarios","status":"publish","type":"post","link":"https:\/\/jlegal.pt\/en\/jorge-brito-pereira-socio-de-mercado-de-capitais-fala-sobre-a-proxima-alteracao-do-codigo-de-valores-mobiliarios\/","title":{"rendered":"Jorge Brito Pereira, s\u00f3cio de Mercado de Capitais, fala sobre a pr\u00f3xima altera\u00e7\u00e3o do C\u00f3digo de Valores Mobili\u00e1rios"},"content":{"rendered":"<p><img decoding=\"async\" width=\"1842\" height=\"600\" src=\"https:\/\/jlegal.pt\/wp-content\/uploads\/2021\/04\/Screenshot-2021-04-02-at-12.01.21.png\" alt=\"\" loading=\"lazy\" srcset=\"https:\/\/i0.wp.com\/jlegal.pt\/wp-content\/uploads\/2021\/04\/Screenshot-2021-04-02-at-12.01.21.png?w=1842&amp;ssl=1 1842w, https:\/\/i0.wp.com\/jlegal.pt\/wp-content\/uploads\/2021\/04\/Screenshot-2021-04-02-at-12.01.21.png?resize=300%2C98&amp;ssl=1 300w, https:\/\/i0.wp.com\/jlegal.pt\/wp-content\/uploads\/2021\/04\/Screenshot-2021-04-02-at-12.01.21.png?resize=1024%2C334&amp;ssl=1 1024w, https:\/\/i0.wp.com\/jlegal.pt\/wp-content\/uploads\/2021\/04\/Screenshot-2021-04-02-at-12.01.21.png?resize=768%2C250&amp;ssl=1 768w, https:\/\/i0.wp.com\/jlegal.pt\/wp-content\/uploads\/2021\/04\/Screenshot-2021-04-02-at-12.01.21.png?resize=1536%2C500&amp;ssl=1 1536w, https:\/\/i0.wp.com\/jlegal.pt\/wp-content\/uploads\/2021\/04\/Screenshot-2021-04-02-at-12.01.21.png?resize=16%2C5&amp;ssl=1 16w\" sizes=\"auto, (max-width: 1842px) 100vw, 1842px\" \/><br \/>\n\t\t\t<a href=\"https:\/\/jlegal.pt\/en\/news\/\" role=\"button\"><br \/>\n\t\t\t\t\t\tGo back<br \/>\n\t\t\t\t\t<\/a><\/p>\n<h1>Jorge Brito Pereira on the CMVM Code:<\/h1>\n<h2>04 de janeiro 2022<\/h2>\n<p><a href=\"https:\/\/jlegal.pt\/en\/jorge-brito-pereira\/\"><b>Jorge Brito Pereira<\/b><\/a>, partner responsible for the Capital Markets practice, spoke to Jornal Econ\u00f3mico about the \u201cC\u00f3digo de Valores Mobili\u00e1rios\u201d \u00a0(Securities Code) \u00a0and the change in force from 30 January 2022.<\/p>\n<p>To the partner, this is \u201can extremely important change that reviews a rule established since 1986\u201d.<\/p>\n<p><a href=\"https:\/\/jornaleconomico.pt\/noticias\/jorge-brito-pereira-sobre-codigo-da-cmvm-nao-se-compreende-que-a-consagracao-do-voto-plural-seja-so-para-as-cotadas-827083\" target=\"_blank\" rel=\"noopener\"><b>Read the full article here.<\/b><\/a><\/p>","protected":false},"excerpt":{"rendered":"<p>Jorge Brito Pereira, s\u00f3cio de Mercado de Capitais, fala sobre a pr\u00f3xima altera\u00e7\u00e3o do C\u00f3digo de Valores Mobili\u00e1rios<\/p>","protected":false},"author":1,"featured_media":340,"comment_status":"open","ping_status":"open","sticky":false,"template":"","format":"standard","meta":{"footnotes":""},"categories":[5],"tags":[],"class_list":["post-169","post","type-post","status-publish","format-standard","has-post-thumbnail","hentry","category-noticias"],"aioseo_notices":[],"acf":[],"_links":{"self":[{"href":"https:\/\/jlegal.pt\/en\/wp-json\/wp\/v2\/posts\/169","targetHints":{"allow":["GET"]}}],"collection":[{"href":"https:\/\/jlegal.pt\/en\/wp-json\/wp\/v2\/posts"}],"about":[{"href":"https:\/\/jlegal.pt\/en\/wp-json\/wp\/v2\/types\/post"}],"author":[{"embeddable":true,"href":"https:\/\/jlegal.pt\/en\/wp-json\/wp\/v2\/users\/1"}],"replies":[{"embeddable":true,"href":"https:\/\/jlegal.pt\/en\/wp-json\/wp\/v2\/comments?post=169"}],"version-history":[{"count":1,"href":"https:\/\/jlegal.pt\/en\/wp-json\/wp\/v2\/posts\/169\/revisions"}],"predecessor-version":[{"id":252,"href":"https:\/\/jlegal.pt\/en\/wp-json\/wp\/v2\/posts\/169\/revisions\/252"}],"wp:featuredmedia":[{"embeddable":true,"href":"https:\/\/jlegal.pt\/en\/wp-json\/wp\/v2\/media\/340"}],"wp:attachment":[{"href":"https:\/\/jlegal.pt\/en\/wp-json\/wp\/v2\/media?parent=169"}],"wp:term":[{"taxonomy":"category","embeddable":true,"href":"https:\/\/jlegal.pt\/en\/wp-json\/wp\/v2\/categories?post=169"},{"taxonomy":"post_tag","embeddable":true,"href":"https:\/\/jlegal.pt\/en\/wp-json\/wp\/v2\/tags?post=169"}],"curies":[{"name":"wp","href":"https:\/\/api.w.org\/{rel}","templated":true}]}}