{"id":170,"date":"2022-01-20T00:00:00","date_gmt":"2022-01-20T03:00:00","guid":{"rendered":"https:\/\/jlegal.pt\/teste\/jaime-carvalho-esteves-socio-responsavel-pela-area-fiscal-da-jlegal-fala-com-o-jornal-negocios-sobre-as-consequencias-economicas-da-pandemia-taxas-de-juro-e-situacao-politica\/"},"modified":"2022-06-23T13:03:52","modified_gmt":"2022-06-23T16:03:52","slug":"jaime-carvalho-esteves-socio-responsavel-pela-area-fiscal-da-jlegal-fala-com-o-jornal-negocios-sobre-as-consequencias-economicas-da-pandemia-taxas-de-juro-e-situacao-politica","status":"publish","type":"post","link":"https:\/\/jlegal.pt\/en\/jaime-carvalho-esteves-socio-responsavel-pela-area-fiscal-da-jlegal-fala-com-o-jornal-negocios-sobre-as-consequencias-economicas-da-pandemia-taxas-de-juro-e-situacao-politica\/","title":{"rendered":"Jaime Carvalho Esteves, s\u00f3cio respons\u00e1vel pela \u00e1rea fiscal da J+Legal, fala com o Jornal Neg\u00f3cios sobre as consequ\u00eancias econ\u00f3micas da pandemia, taxas de juro e situa\u00e7\u00e3o pol\u00edtica."},"content":{"rendered":"<p><img decoding=\"async\" width=\"1842\" height=\"600\" src=\"https:\/\/jlegal.pt\/wp-content\/uploads\/2021\/04\/Screenshot-2021-04-02-at-12.01.21.png\" alt=\"\" loading=\"lazy\" srcset=\"https:\/\/i0.wp.com\/jlegal.pt\/wp-content\/uploads\/2021\/04\/Screenshot-2021-04-02-at-12.01.21.png?w=1842&amp;ssl=1 1842w, https:\/\/i0.wp.com\/jlegal.pt\/wp-content\/uploads\/2021\/04\/Screenshot-2021-04-02-at-12.01.21.png?resize=300%2C98&amp;ssl=1 300w, https:\/\/i0.wp.com\/jlegal.pt\/wp-content\/uploads\/2021\/04\/Screenshot-2021-04-02-at-12.01.21.png?resize=1024%2C334&amp;ssl=1 1024w, https:\/\/i0.wp.com\/jlegal.pt\/wp-content\/uploads\/2021\/04\/Screenshot-2021-04-02-at-12.01.21.png?resize=768%2C250&amp;ssl=1 768w, https:\/\/i0.wp.com\/jlegal.pt\/wp-content\/uploads\/2021\/04\/Screenshot-2021-04-02-at-12.01.21.png?resize=1536%2C500&amp;ssl=1 1536w, https:\/\/i0.wp.com\/jlegal.pt\/wp-content\/uploads\/2021\/04\/Screenshot-2021-04-02-at-12.01.21.png?resize=16%2C5&amp;ssl=1 16w\" sizes=\"auto, (max-width: 1842px) 100vw, 1842px\" \/><br \/>\n\t\t\t<a href=\"https:\/\/jlegal.pt\/en\/news\/\" role=\"button\"><br \/>\n\t\t\t\t\t\tGo back<br \/>\n\t\t\t\t\t<\/a><\/p>\n<h1>Jaime Carvalho Esteves, partner responsible for Tax, talks to Jornal de Neg\u00f3cios about the economic consequences of the pandemic, interest rates, and the political situation. <\/h1>\n<h2>20 de janeiro 2022<\/h2>\n<p><b>J<a href=\"https:\/\/jlegal.pt\/pt\/jaime-carvalho-esteves\/\" target=\"_blank\" rel=\"noopener\">a<\/a><a href=\"https:\/\/jlegal.pt\/pt\/jaime-carvalho-esteves\/\">ime Carvalho Esteve<\/a><a href=\"https:\/\/jlegal.pt\/pt\/jaime-carvalho-esteves\/\" target=\"_blank\" rel=\"noopener\">s<\/a>&nbsp;<\/b>founding partner of J+Legal, addresses the external conjuncture and its weight in the national economy.&nbsp;<\/p>\n<p>&#8220;The tax specialist Jaime Carvalho Esteves, also understands that in addition to strictly national issues we must also count with the &#8216;black swans&#8217; that we bring from the recent past, starting with the health crisis, through the serious geopolitical conflicts, of the United States with Russia and China, and culminating in the various signs of European disintegration, of which the inconsistency of positions vis-\u00e0-vis those three giants of the international scene is also a sign&#8221;.<\/p>\n<p><a href=\"https:\/\/jlegal.pt\/wp-content\/uploads\/2022\/01\/combinepdf-1.pdf\" target=\"_blank\" rel=\"noopener\"><b>Read the article here.<\/b><\/a><\/p>","protected":false},"excerpt":{"rendered":"<p>Jaime Carvalho Esteves, s\u00f3cio respons\u00e1vel pela \u00e1rea fiscal da J+Legal, fala com o Jornal Neg\u00f3cios sobre as consequ\u00eancias econ\u00f3micas da pandemia, taxas de juro e situa\u00e7\u00e3o pol\u00edtica.<\/p>","protected":false},"author":1,"featured_media":341,"comment_status":"open","ping_status":"open","sticky":false,"template":"","format":"standard","meta":{"footnotes":""},"categories":[5],"tags":[],"class_list":["post-170","post","type-post","status-publish","format-standard","has-post-thumbnail","hentry","category-noticias"],"aioseo_notices":[],"acf":[],"_links":{"self":[{"href":"https:\/\/jlegal.pt\/en\/wp-json\/wp\/v2\/posts\/170","targetHints":{"allow":["GET"]}}],"collection":[{"href":"https:\/\/jlegal.pt\/en\/wp-json\/wp\/v2\/posts"}],"about":[{"href":"https:\/\/jlegal.pt\/en\/wp-json\/wp\/v2\/types\/post"}],"author":[{"embeddable":true,"href":"https:\/\/jlegal.pt\/en\/wp-json\/wp\/v2\/users\/1"}],"replies":[{"embeddable":true,"href":"https:\/\/jlegal.pt\/en\/wp-json\/wp\/v2\/comments?post=170"}],"version-history":[{"count":1,"href":"https:\/\/jlegal.pt\/en\/wp-json\/wp\/v2\/posts\/170\/revisions"}],"predecessor-version":[{"id":253,"href":"https:\/\/jlegal.pt\/en\/wp-json\/wp\/v2\/posts\/170\/revisions\/253"}],"wp:featuredmedia":[{"embeddable":true,"href":"https:\/\/jlegal.pt\/en\/wp-json\/wp\/v2\/media\/341"}],"wp:attachment":[{"href":"https:\/\/jlegal.pt\/en\/wp-json\/wp\/v2\/media?parent=170"}],"wp:term":[{"taxonomy":"category","embeddable":true,"href":"https:\/\/jlegal.pt\/en\/wp-json\/wp\/v2\/categories?post=170"},{"taxonomy":"post_tag","embeddable":true,"href":"https:\/\/jlegal.pt\/en\/wp-json\/wp\/v2\/tags?post=170"}],"curies":[{"name":"wp","href":"https:\/\/api.w.org\/{rel}","templated":true}]}}