{"id":172,"date":"2022-01-24T00:00:00","date_gmt":"2022-01-24T03:00:00","guid":{"rendered":"https:\/\/jlegal.pt\/teste\/sofia-matos-socia-responsavel-pela-area-de-contencioso-da-jlegal-fala-com-o-jornal-inevitavel-sobre-o-cibercrime-em-portugal\/"},"modified":"2022-06-23T13:03:56","modified_gmt":"2022-06-23T16:03:56","slug":"sofia-matos-socia-responsavel-pela-area-de-contencioso-da-jlegal-fala-com-o-jornal-inevitavel-sobre-o-cibercrime-em-portugal","status":"publish","type":"post","link":"https:\/\/jlegal.pt\/en\/sofia-matos-socia-responsavel-pela-area-de-contencioso-da-jlegal-fala-com-o-jornal-inevitavel-sobre-o-cibercrime-em-portugal\/","title":{"rendered":"Sofia Matos, s\u00f3cia respons\u00e1vel pela \u00e1rea de contencioso da J+Legal, fala com o Jornal iNEVIT\u00c1VEL sobre o cibercrime em Portugal"},"content":{"rendered":"<p><img decoding=\"async\" width=\"1842\" height=\"600\" src=\"https:\/\/jlegal.pt\/wp-content\/uploads\/2021\/04\/Screenshot-2021-04-02-at-12.01.21.png\" alt=\"\" loading=\"lazy\" srcset=\"https:\/\/i0.wp.com\/jlegal.pt\/wp-content\/uploads\/2021\/04\/Screenshot-2021-04-02-at-12.01.21.png?w=1842&amp;ssl=1 1842w, https:\/\/i0.wp.com\/jlegal.pt\/wp-content\/uploads\/2021\/04\/Screenshot-2021-04-02-at-12.01.21.png?resize=300%2C98&amp;ssl=1 300w, https:\/\/i0.wp.com\/jlegal.pt\/wp-content\/uploads\/2021\/04\/Screenshot-2021-04-02-at-12.01.21.png?resize=1024%2C334&amp;ssl=1 1024w, https:\/\/i0.wp.com\/jlegal.pt\/wp-content\/uploads\/2021\/04\/Screenshot-2021-04-02-at-12.01.21.png?resize=768%2C250&amp;ssl=1 768w, https:\/\/i0.wp.com\/jlegal.pt\/wp-content\/uploads\/2021\/04\/Screenshot-2021-04-02-at-12.01.21.png?resize=1536%2C500&amp;ssl=1 1536w, https:\/\/i0.wp.com\/jlegal.pt\/wp-content\/uploads\/2021\/04\/Screenshot-2021-04-02-at-12.01.21.png?resize=16%2C5&amp;ssl=1 16w\" sizes=\"auto, (max-width: 1842px) 100vw, 1842px\" \/><br \/>\n\t\t\t<a href=\"https:\/\/jlegal.pt\/en\/news\/\" role=\"button\"><br \/>\n\t\t\t\t\t\tGo back<br \/>\n\t\t\t\t\t<\/a><\/p>\n<h1>Sofia Matos, partner responsible for Litigation, talks to Jornal iNEVIT\u00c1VEL about cybercrime in Portugal <\/h1>\n<h2>24 de janeiro 2022<\/h2>\n<p><a href=\"https:\/\/jlegal.pt\/en\/sofia-matos\/\" target=\"_blank\" style=\"font-size: 18px; background-color: rgb(255, 255, 255);\" rel=\"noopener\"><b>Sofia Matos<\/b><\/a><b>,<\/b>&nbsp;partner of J+Legal, addresses cybercrime in Portugal.<\/p>\n<p>The litigator states that we are facing &#8220;intangible, cross-border and complex crime&#8221;. The lawyer stresses that&nbsp;&#8220;it is more important to foster logics of self-regulation with the adoption of good practices and\/or accreditation&#8221;.<\/p>\n<p><a href=\"https:\/\/jlegal.pt\/wp-content\/uploads\/2022\/01\/20220117-PT-Inevita\u0301vel.pdf\" target=\"_blank\" rel=\"noopener\"><b>Read the article here.<\/b><\/a><\/p>","protected":false},"excerpt":{"rendered":"<p>Sofia Matos, s\u00f3cia respons\u00e1vel pela \u00e1rea de contencioso da J+Legal, fala com o Jornal iNEVIT\u00c1VEL sobre o cibercrime em Portugal<\/p>","protected":false},"author":1,"featured_media":343,"comment_status":"open","ping_status":"open","sticky":false,"template":"","format":"standard","meta":{"footnotes":""},"categories":[5],"tags":[],"class_list":["post-172","post","type-post","status-publish","format-standard","has-post-thumbnail","hentry","category-noticias"],"aioseo_notices":[],"acf":[],"_links":{"self":[{"href":"https:\/\/jlegal.pt\/en\/wp-json\/wp\/v2\/posts\/172","targetHints":{"allow":["GET"]}}],"collection":[{"href":"https:\/\/jlegal.pt\/en\/wp-json\/wp\/v2\/posts"}],"about":[{"href":"https:\/\/jlegal.pt\/en\/wp-json\/wp\/v2\/types\/post"}],"author":[{"embeddable":true,"href":"https:\/\/jlegal.pt\/en\/wp-json\/wp\/v2\/users\/1"}],"replies":[{"embeddable":true,"href":"https:\/\/jlegal.pt\/en\/wp-json\/wp\/v2\/comments?post=172"}],"version-history":[{"count":1,"href":"https:\/\/jlegal.pt\/en\/wp-json\/wp\/v2\/posts\/172\/revisions"}],"predecessor-version":[{"id":255,"href":"https:\/\/jlegal.pt\/en\/wp-json\/wp\/v2\/posts\/172\/revisions\/255"}],"wp:featuredmedia":[{"embeddable":true,"href":"https:\/\/jlegal.pt\/en\/wp-json\/wp\/v2\/media\/343"}],"wp:attachment":[{"href":"https:\/\/jlegal.pt\/en\/wp-json\/wp\/v2\/media?parent=172"}],"wp:term":[{"taxonomy":"category","embeddable":true,"href":"https:\/\/jlegal.pt\/en\/wp-json\/wp\/v2\/categories?post=172"},{"taxonomy":"post_tag","embeddable":true,"href":"https:\/\/jlegal.pt\/en\/wp-json\/wp\/v2\/tags?post=172"}],"curies":[{"name":"wp","href":"https:\/\/api.w.org\/{rel}","templated":true}]}}