{"id":173,"date":"2022-01-25T00:00:00","date_gmt":"2022-01-25T03:00:00","guid":{"rendered":"https:\/\/jlegal.pt\/teste\/flash-alert-injuncao-em-materia-de-arrendamento-ima\/"},"modified":"2022-09-20T11:05:50","modified_gmt":"2022-09-20T15:05:50","slug":"flash-alert-injuncao-em-materia-de-arrendamento-ima","status":"publish","type":"post","link":"https:\/\/jlegal.pt\/en\/flash-alert-injuncao-em-materia-de-arrendamento-ima\/","title":{"rendered":"FLASH ALERT &#8211; Injun\u00e7\u00e3o em Mat\u00e9ria de Arrendamento (IMA)"},"content":{"rendered":"<p><img loading=\"lazy\" decoding=\"async\" src=\"https:\/\/jlegal.pt\/wp-content\/uploads\/2021\/04\/Screenshot-2021-04-02-at-12.01.21.png\" sizes=\"auto, (max-width: 1842px) 100vw, 1842px\" srcset=\"https:\/\/i0.wp.com\/jlegal.pt\/wp-content\/uploads\/2021\/04\/Screenshot-2021-04-02-at-12.01.21.png?w=1842&amp;ssl=1 1842w, https:\/\/i0.wp.com\/jlegal.pt\/wp-content\/uploads\/2021\/04\/Screenshot-2021-04-02-at-12.01.21.png?resize=300%2C98&amp;ssl=1 300w, https:\/\/i0.wp.com\/jlegal.pt\/wp-content\/uploads\/2021\/04\/Screenshot-2021-04-02-at-12.01.21.png?resize=1024%2C334&amp;ssl=1 1024w, https:\/\/i0.wp.com\/jlegal.pt\/wp-content\/uploads\/2021\/04\/Screenshot-2021-04-02-at-12.01.21.png?resize=768%2C250&amp;ssl=1 768w, https:\/\/i0.wp.com\/jlegal.pt\/wp-content\/uploads\/2021\/04\/Screenshot-2021-04-02-at-12.01.21.png?resize=1536%2C500&amp;ssl=1 1536w, https:\/\/i0.wp.com\/jlegal.pt\/wp-content\/uploads\/2021\/04\/Screenshot-2021-04-02-at-12.01.21.png?resize=16%2C5&amp;ssl=1 16w\" alt=\"\" width=\"1842\" height=\"600\" \/><br \/>\n<a role=\"button\" href=\"https:\/\/jlegal.pt\/en\/news\/\"><br \/>\nGo back<br \/>\n<\/a><\/p>\n<h1><i><b>FLASH ALERT<\/b><\/i> &#8211; IMA &#8211; Injun\u00e7\u00e3o em Mat\u00e9ria de Arrendamento<\/h1>\n<h2>25 de janeiro 2022<\/h2>\n<p>A J+Legal preparou um<b><i> FLASH ALERT<\/i><\/b> onde aborda a IMA &#8211; Injun\u00e7\u00e3o em Mat\u00e9ria de Arrendamento.<\/p>\n<p><a href=\"https:\/\/jlegal.pt\/wp-content\/uploads\/2022\/09\/flash-IMA.pdf\"><b>Pode fazer aqui o download do FLASH ALERT.<\/b><\/a><\/p>","protected":false},"excerpt":{"rendered":"<p>FLASH ALERT &#8211; Injun\u00e7\u00e3o em Mat\u00e9ria de Arrendamento (IMA)<\/p>","protected":false},"author":1,"featured_media":344,"comment_status":"open","ping_status":"open","sticky":false,"template":"","format":"standard","meta":{"footnotes":""},"categories":[6],"tags":[],"class_list":["post-173","post","type-post","status-publish","format-standard","has-post-thumbnail","hentry","category-publicacoes"],"aioseo_notices":[],"acf":[],"_links":{"self":[{"href":"https:\/\/jlegal.pt\/en\/wp-json\/wp\/v2\/posts\/173","targetHints":{"allow":["GET"]}}],"collection":[{"href":"https:\/\/jlegal.pt\/en\/wp-json\/wp\/v2\/posts"}],"about":[{"href":"https:\/\/jlegal.pt\/en\/wp-json\/wp\/v2\/types\/post"}],"author":[{"embeddable":true,"href":"https:\/\/jlegal.pt\/en\/wp-json\/wp\/v2\/users\/1"}],"replies":[{"embeddable":true,"href":"https:\/\/jlegal.pt\/en\/wp-json\/wp\/v2\/comments?post=173"}],"version-history":[{"count":3,"href":"https:\/\/jlegal.pt\/en\/wp-json\/wp\/v2\/posts\/173\/revisions"}],"predecessor-version":[{"id":8669,"href":"https:\/\/jlegal.pt\/en\/wp-json\/wp\/v2\/posts\/173\/revisions\/8669"}],"wp:featuredmedia":[{"embeddable":true,"href":"https:\/\/jlegal.pt\/en\/wp-json\/wp\/v2\/media\/344"}],"wp:attachment":[{"href":"https:\/\/jlegal.pt\/en\/wp-json\/wp\/v2\/media?parent=173"}],"wp:term":[{"taxonomy":"category","embeddable":true,"href":"https:\/\/jlegal.pt\/en\/wp-json\/wp\/v2\/categories?post=173"},{"taxonomy":"post_tag","embeddable":true,"href":"https:\/\/jlegal.pt\/en\/wp-json\/wp\/v2\/tags?post=173"}],"curies":[{"name":"wp","href":"https:\/\/api.w.org\/{rel}","templated":true}]}}