{"id":176,"date":"2022-02-07T00:00:00","date_gmt":"2022-02-07T03:00:00","guid":{"rendered":"https:\/\/jlegal.pt\/teste\/filipa-arantes-pedroso-socia-responsavel-pela-area-de-imobiliario-fala-com-a-revista-pontos-de-vista\/"},"modified":"2022-06-23T13:03:58","modified_gmt":"2022-06-23T16:03:58","slug":"filipa-arantes-pedroso-socia-responsavel-pela-area-de-imobiliario-fala-com-a-revista-pontos-de-vista","status":"publish","type":"post","link":"https:\/\/jlegal.pt\/en\/filipa-arantes-pedroso-socia-responsavel-pela-area-de-imobiliario-fala-com-a-revista-pontos-de-vista\/","title":{"rendered":"Filipa Arantes Pedroso, s\u00f3cia respons\u00e1vel pela \u00e1rea de Imobili\u00e1rio, em entrevista para a Revista Pontos de Vista"},"content":{"rendered":"<p><img decoding=\"async\" width=\"1842\" height=\"600\" src=\"https:\/\/jlegal.pt\/wp-content\/uploads\/2021\/04\/Screenshot-2021-04-02-at-12.01.21.png\" alt=\"\" loading=\"lazy\" srcset=\"https:\/\/i0.wp.com\/jlegal.pt\/wp-content\/uploads\/2021\/04\/Screenshot-2021-04-02-at-12.01.21.png?w=1842&amp;ssl=1 1842w, https:\/\/i0.wp.com\/jlegal.pt\/wp-content\/uploads\/2021\/04\/Screenshot-2021-04-02-at-12.01.21.png?resize=300%2C98&amp;ssl=1 300w, https:\/\/i0.wp.com\/jlegal.pt\/wp-content\/uploads\/2021\/04\/Screenshot-2021-04-02-at-12.01.21.png?resize=1024%2C334&amp;ssl=1 1024w, https:\/\/i0.wp.com\/jlegal.pt\/wp-content\/uploads\/2021\/04\/Screenshot-2021-04-02-at-12.01.21.png?resize=768%2C250&amp;ssl=1 768w, https:\/\/i0.wp.com\/jlegal.pt\/wp-content\/uploads\/2021\/04\/Screenshot-2021-04-02-at-12.01.21.png?resize=1536%2C500&amp;ssl=1 1536w, https:\/\/i0.wp.com\/jlegal.pt\/wp-content\/uploads\/2021\/04\/Screenshot-2021-04-02-at-12.01.21.png?resize=16%2C5&amp;ssl=1 16w\" sizes=\"auto, (max-width: 1842px) 100vw, 1842px\"><br \/>\n<a href=\"https:\/\/jlegal.pt\/en\/news\/\" role=\"button\"><br \/>\nGo back<br \/>\n<\/a><\/p>\n<h1>Filipa Arantes Pedroso, partner responsible for Real Estate, talks to Revista Inevit\u00e1vel<\/h1>\n<h2>7 de fevereiro 2022<\/h2>\n<p><a style=\"font-size: 18px; background-color: #ffffff;\" href=\"https:\/\/jlegal.pt\/en\/jfilipa-arantes-pedroso\/\" target=\"_blank\" rel=\"noopener\"><b>Filipa Arantes Pedroso<\/b><\/a><b>,<\/b>&nbsp;partner of J+Legal, addresses the challenges and growth of Real Estate Investment for 2022.<\/p>\n<p>The partner states that we &#8220;in 2022, we will continue to witness growth in Real Estate Investment&#8221;. The lawyer stresses that&nbsp;&#8220;although Portugal continues to have exceptional conditions to attract foreign investors, namely the climate, security, food and affordable prices, the legislative and fiscal instability is the investor&#8217;s worst enemy&#8221;.<\/p>\n<p><a href=\"https:\/\/jlegal.pt\/wp-content\/uploads\/2022\/02\/J-Legal.pdf\" target=\"_blank\" rel=\"noopener\">Read the full article here.&nbsp;<\/a><\/p>","protected":false},"excerpt":{"rendered":"<p>Filipa Arantes Pedroso, s\u00f3cia respons\u00e1vel pela \u00e1rea de Imobili\u00e1rio, em entrevista para a Revista Pontos de Vista sobre os desafios do Investimento Imobili\u00e1rio em 2022<\/p>","protected":false},"author":1,"featured_media":338,"comment_status":"open","ping_status":"open","sticky":false,"template":"","format":"standard","meta":{"footnotes":""},"categories":[5],"tags":[],"class_list":["post-176","post","type-post","status-publish","format-standard","has-post-thumbnail","hentry","category-noticias"],"aioseo_notices":[],"acf":[],"_links":{"self":[{"href":"https:\/\/jlegal.pt\/en\/wp-json\/wp\/v2\/posts\/176","targetHints":{"allow":["GET"]}}],"collection":[{"href":"https:\/\/jlegal.pt\/en\/wp-json\/wp\/v2\/posts"}],"about":[{"href":"https:\/\/jlegal.pt\/en\/wp-json\/wp\/v2\/types\/post"}],"author":[{"embeddable":true,"href":"https:\/\/jlegal.pt\/en\/wp-json\/wp\/v2\/users\/1"}],"replies":[{"embeddable":true,"href":"https:\/\/jlegal.pt\/en\/wp-json\/wp\/v2\/comments?post=176"}],"version-history":[{"count":1,"href":"https:\/\/jlegal.pt\/en\/wp-json\/wp\/v2\/posts\/176\/revisions"}],"predecessor-version":[{"id":259,"href":"https:\/\/jlegal.pt\/en\/wp-json\/wp\/v2\/posts\/176\/revisions\/259"}],"wp:featuredmedia":[{"embeddable":true,"href":"https:\/\/jlegal.pt\/en\/wp-json\/wp\/v2\/media\/338"}],"wp:attachment":[{"href":"https:\/\/jlegal.pt\/en\/wp-json\/wp\/v2\/media?parent=176"}],"wp:term":[{"taxonomy":"category","embeddable":true,"href":"https:\/\/jlegal.pt\/en\/wp-json\/wp\/v2\/categories?post=176"},{"taxonomy":"post_tag","embeddable":true,"href":"https:\/\/jlegal.pt\/en\/wp-json\/wp\/v2\/tags?post=176"}],"curies":[{"name":"wp","href":"https:\/\/api.w.org\/{rel}","templated":true}]}}