{"id":178,"date":"2022-02-11T00:00:00","date_gmt":"2022-02-11T03:00:00","guid":{"rendered":"https:\/\/jlegal.pt\/teste\/jaime-carvalho-esteves-fala-ao-jornal-de-negocios-sobre-o-novo-governo-e-a-justica-economica\/"},"modified":"2022-06-23T13:03:59","modified_gmt":"2022-06-23T16:03:59","slug":"jaime-carvalho-esteves-fala-ao-jornal-de-negocios-sobre-o-novo-governo-e-a-justica-economica","status":"publish","type":"post","link":"https:\/\/jlegal.pt\/en\/jaime-carvalho-esteves-fala-ao-jornal-de-negocios-sobre-o-novo-governo-e-a-justica-economica\/","title":{"rendered":"Jaime Carvalho Esteves fala ao Jornal de Neg\u00f3cios sobre o novo Governo e a Justi\u00e7a Econ\u00f3mica"},"content":{"rendered":"<p><img decoding=\"async\" width=\"1842\" height=\"600\" src=\"https:\/\/jlegal.pt\/wp-content\/uploads\/2021\/04\/Screenshot-2021-04-02-at-12.01.21.png\" alt=\"\" loading=\"lazy\" srcset=\"https:\/\/i0.wp.com\/jlegal.pt\/wp-content\/uploads\/2021\/04\/Screenshot-2021-04-02-at-12.01.21.png?w=1842&amp;ssl=1 1842w, https:\/\/i0.wp.com\/jlegal.pt\/wp-content\/uploads\/2021\/04\/Screenshot-2021-04-02-at-12.01.21.png?resize=300%2C98&amp;ssl=1 300w, https:\/\/i0.wp.com\/jlegal.pt\/wp-content\/uploads\/2021\/04\/Screenshot-2021-04-02-at-12.01.21.png?resize=1024%2C334&amp;ssl=1 1024w, https:\/\/i0.wp.com\/jlegal.pt\/wp-content\/uploads\/2021\/04\/Screenshot-2021-04-02-at-12.01.21.png?resize=768%2C250&amp;ssl=1 768w, https:\/\/i0.wp.com\/jlegal.pt\/wp-content\/uploads\/2021\/04\/Screenshot-2021-04-02-at-12.01.21.png?resize=1536%2C500&amp;ssl=1 1536w, https:\/\/i0.wp.com\/jlegal.pt\/wp-content\/uploads\/2021\/04\/Screenshot-2021-04-02-at-12.01.21.png?resize=16%2C5&amp;ssl=1 16w\" sizes=\"auto, (max-width: 1842px) 100vw, 1842px\"><br \/>\n<a href=\"https:\/\/jlegal.pt\/en\/news\/\" role=\"button\"><br \/>\nGo back<br \/>\n<\/a><\/p>\n<h1>Jaime Carvalho Esteves speaks to Jornal de Neg\u00f3cios about the new Government and Economic Justice<\/h1>\n<h2>11 de fevereiro 2022<\/h2>\n<p><a href=\"https:\/\/jlegal.pt\/pt\/jaime-carvalho-esteves\/\" target=\"_blank\" style=\"font-size: 18px; background-color: rgb(255, 255, 255);\" rel=\"noopener\"><b>Jaime Carvalho Esteves<\/b><\/a>, partner of J+Legal, spoke again with Jornal de Neg\u00f3cios, about the bets that the new government will have regarding justice issues.<br \/>\nThe partner of J+Legal highlights &#8220;the need for greater speed in the recovery or insolvency of companies&#8221;. For Jaime Carvalho Esteves, responsible for the firm&#8217;s Tax practice, &#8220;it is fundamental to improve the time of compliance, of coercive intervention (&#8230;) and of recovery or closure of companies in difficulties&#8221;.<br \/>\nWith regard to tax measures, the partner mentions &#8220;the broadening of the scope of tax arbitration.&#8221;<\/p>\n<p><a href=\"https:\/\/jlegal.pt\/wp-content\/uploads\/2022\/02\/JN-10.02.22-JCE.jpeg\" target=\"_blank\" rel=\"noopener\"><b>Read&nbsp;the article here.<\/b><\/a><\/p>","protected":false},"excerpt":{"rendered":"<p>Jaime Carvalho Esteves fala ao Jornal de Neg\u00f3cios sobre o novo Governo e Justi\u00e7a Econ\u00f3mica.<\/p>","protected":false},"author":1,"featured_media":345,"comment_status":"open","ping_status":"open","sticky":false,"template":"","format":"standard","meta":{"footnotes":""},"categories":[5],"tags":[],"class_list":["post-178","post","type-post","status-publish","format-standard","has-post-thumbnail","hentry","category-noticias"],"aioseo_notices":[],"acf":[],"_links":{"self":[{"href":"https:\/\/jlegal.pt\/en\/wp-json\/wp\/v2\/posts\/178","targetHints":{"allow":["GET"]}}],"collection":[{"href":"https:\/\/jlegal.pt\/en\/wp-json\/wp\/v2\/posts"}],"about":[{"href":"https:\/\/jlegal.pt\/en\/wp-json\/wp\/v2\/types\/post"}],"author":[{"embeddable":true,"href":"https:\/\/jlegal.pt\/en\/wp-json\/wp\/v2\/users\/1"}],"replies":[{"embeddable":true,"href":"https:\/\/jlegal.pt\/en\/wp-json\/wp\/v2\/comments?post=178"}],"version-history":[{"count":1,"href":"https:\/\/jlegal.pt\/en\/wp-json\/wp\/v2\/posts\/178\/revisions"}],"predecessor-version":[{"id":261,"href":"https:\/\/jlegal.pt\/en\/wp-json\/wp\/v2\/posts\/178\/revisions\/261"}],"wp:featuredmedia":[{"embeddable":true,"href":"https:\/\/jlegal.pt\/en\/wp-json\/wp\/v2\/media\/345"}],"wp:attachment":[{"href":"https:\/\/jlegal.pt\/en\/wp-json\/wp\/v2\/media?parent=178"}],"wp:term":[{"taxonomy":"category","embeddable":true,"href":"https:\/\/jlegal.pt\/en\/wp-json\/wp\/v2\/categories?post=178"},{"taxonomy":"post_tag","embeddable":true,"href":"https:\/\/jlegal.pt\/en\/wp-json\/wp\/v2\/tags?post=178"}],"curies":[{"name":"wp","href":"https:\/\/api.w.org\/{rel}","templated":true}]}}