{"id":181,"date":"2022-02-21T00:00:00","date_gmt":"2022-02-21T03:00:00","guid":{"rendered":"https:\/\/jlegal.pt\/teste\/jorge-brito-pereira-socio-da-jlegal-no-jornal-economico-a-proposito-de-inovacao\/"},"modified":"2022-06-23T13:04:00","modified_gmt":"2022-06-23T16:04:00","slug":"jorge-brito-pereira-socio-da-jlegal-no-jornal-economico-a-proposito-de-inovacao","status":"publish","type":"post","link":"https:\/\/jlegal.pt\/en\/jorge-brito-pereira-socio-da-jlegal-no-jornal-economico-a-proposito-de-inovacao\/","title":{"rendered":"Jorge Brito Pereira, s\u00f3cio da J+Legal, no Jornal Econ\u00f3mico, a prop\u00f3sito de Inova\u00e7\u00e3o"},"content":{"rendered":"<p><img decoding=\"async\" width=\"1842\" height=\"600\" src=\"https:\/\/jlegal.pt\/wp-content\/uploads\/2021\/04\/Screenshot-2021-04-02-at-12.01.21.png\" alt=\"\" loading=\"lazy\" srcset=\"https:\/\/i0.wp.com\/jlegal.pt\/wp-content\/uploads\/2021\/04\/Screenshot-2021-04-02-at-12.01.21.png?w=1842&amp;ssl=1 1842w, https:\/\/i0.wp.com\/jlegal.pt\/wp-content\/uploads\/2021\/04\/Screenshot-2021-04-02-at-12.01.21.png?resize=300%2C98&amp;ssl=1 300w, https:\/\/i0.wp.com\/jlegal.pt\/wp-content\/uploads\/2021\/04\/Screenshot-2021-04-02-at-12.01.21.png?resize=1024%2C334&amp;ssl=1 1024w, https:\/\/i0.wp.com\/jlegal.pt\/wp-content\/uploads\/2021\/04\/Screenshot-2021-04-02-at-12.01.21.png?resize=768%2C250&amp;ssl=1 768w, https:\/\/i0.wp.com\/jlegal.pt\/wp-content\/uploads\/2021\/04\/Screenshot-2021-04-02-at-12.01.21.png?resize=1536%2C500&amp;ssl=1 1536w, https:\/\/i0.wp.com\/jlegal.pt\/wp-content\/uploads\/2021\/04\/Screenshot-2021-04-02-at-12.01.21.png?resize=16%2C5&amp;ssl=1 16w\" sizes=\"auto, (max-width: 1842px) 100vw, 1842px\" \/><br \/>\n\t\t\t<a href=\"https:\/\/jlegal.pt\/en\/news\/\" role=\"button\"><br \/>\n\t\t\t\t\t\tGo back<br \/>\n\t\t\t\t\t<\/a><\/p>\n<h1>Jorge Brito Pereira interviewed by Jornal Econ\u00f3mico on the topic of innovation<\/h1>\n<h2>21 de fevereiro 2022<\/h2>\n<p>The partner of<strong> J+Legal<\/strong>, one of the most recent law firms in Portugal, composed of lawyers with great experience in corporate matters, was interviewed by <strong>Jornal Econ\u00f3mico<\/strong> on the topic of innovation.<\/p>\n<p>\u00a0 <br \/>For <a href=\"https:\/\/jlegal.pt\/en\/jorge-brito-pereira\/\"><strong>Jorge Brito Pereira<\/strong><\/a>, the conciliation between the &#8220;digital component (&#8230;), cyber (in)security, and the new parameters of &#8220;worklife balance&#8221; (&#8230;)&#8221;, will contribute to change &#8220;more and more subtleties of the human relationship&#8221;. &#8220;Maybe that&#8217;s also why the relevant subtleties of justice will be lost, getting &#8220;lost in translation&#8221;.<\/p>\n<p>\u00a0 <br \/><a href=\"https:\/\/jlegal.pt\/wp-content\/uploads\/2022\/02\/jbp-je-1.pdf\"><strong>Read Jorge Brito Pereira&#8217;s entire quote here.<\/strong><\/a><\/p>","protected":false},"excerpt":{"rendered":"<p>Jorge Brito Pereira, s\u00f3cio da J+Legal, no Jornal Econ\u00f3mico, a prop\u00f3sito de Inova\u00e7\u00e3o<\/p>","protected":false},"author":1,"featured_media":0,"comment_status":"open","ping_status":"open","sticky":false,"template":"","format":"standard","meta":{"footnotes":""},"categories":[5],"tags":[],"class_list":["post-181","post","type-post","status-publish","format-standard","hentry","category-noticias"],"aioseo_notices":[],"acf":[],"_links":{"self":[{"href":"https:\/\/jlegal.pt\/en\/wp-json\/wp\/v2\/posts\/181","targetHints":{"allow":["GET"]}}],"collection":[{"href":"https:\/\/jlegal.pt\/en\/wp-json\/wp\/v2\/posts"}],"about":[{"href":"https:\/\/jlegal.pt\/en\/wp-json\/wp\/v2\/types\/post"}],"author":[{"embeddable":true,"href":"https:\/\/jlegal.pt\/en\/wp-json\/wp\/v2\/users\/1"}],"replies":[{"embeddable":true,"href":"https:\/\/jlegal.pt\/en\/wp-json\/wp\/v2\/comments?post=181"}],"version-history":[{"count":1,"href":"https:\/\/jlegal.pt\/en\/wp-json\/wp\/v2\/posts\/181\/revisions"}],"predecessor-version":[{"id":264,"href":"https:\/\/jlegal.pt\/en\/wp-json\/wp\/v2\/posts\/181\/revisions\/264"}],"wp:attachment":[{"href":"https:\/\/jlegal.pt\/en\/wp-json\/wp\/v2\/media?parent=181"}],"wp:term":[{"taxonomy":"category","embeddable":true,"href":"https:\/\/jlegal.pt\/en\/wp-json\/wp\/v2\/categories?post=181"},{"taxonomy":"post_tag","embeddable":true,"href":"https:\/\/jlegal.pt\/en\/wp-json\/wp\/v2\/tags?post=181"}],"curies":[{"name":"wp","href":"https:\/\/api.w.org\/{rel}","templated":true}]}}