{"id":185,"date":"2022-03-21T00:00:00","date_gmt":"2022-03-21T03:00:00","guid":{"rendered":"https:\/\/jlegal.pt\/teste\/filipa-arantes-pedroso-socia-responsavel-pela-area-de-imobiliario-no-podcast-mais-que-uma-conversa-da-medium-mediacao-mobiliaria\/"},"modified":"2022-06-23T13:04:51","modified_gmt":"2022-06-23T16:04:51","slug":"filipa-arantes-pedroso-socia-responsavel-pela-area-de-imobiliario-no-podcast-mais-que-uma-conversa-da-medium-mediacao-mobiliaria","status":"publish","type":"post","link":"https:\/\/jlegal.pt\/en\/filipa-arantes-pedroso-socia-responsavel-pela-area-de-imobiliario-no-podcast-mais-que-uma-conversa-da-medium-mediacao-mobiliaria\/","title":{"rendered":"Filipa Arantes Pedroso, s\u00f3cia respons\u00e1vel pela \u00e1rea de Imobili\u00e1rio, no Podcast &#8220;Mais Que Uma Conversa&#8221; da Medium Media\u00e7\u00e3o Mobili\u00e1ria"},"content":{"rendered":"<p><img decoding=\"async\" width=\"1842\" height=\"600\" src=\"https:\/\/jlegal.pt\/wp-content\/uploads\/2021\/04\/Screenshot-2021-04-02-at-12.01.21.png\" alt=\"\" loading=\"lazy\" srcset=\"https:\/\/i0.wp.com\/jlegal.pt\/wp-content\/uploads\/2021\/04\/Screenshot-2021-04-02-at-12.01.21.png?w=1842&amp;ssl=1 1842w, https:\/\/i0.wp.com\/jlegal.pt\/wp-content\/uploads\/2021\/04\/Screenshot-2021-04-02-at-12.01.21.png?resize=300%2C98&amp;ssl=1 300w, https:\/\/i0.wp.com\/jlegal.pt\/wp-content\/uploads\/2021\/04\/Screenshot-2021-04-02-at-12.01.21.png?resize=1024%2C334&amp;ssl=1 1024w, https:\/\/i0.wp.com\/jlegal.pt\/wp-content\/uploads\/2021\/04\/Screenshot-2021-04-02-at-12.01.21.png?resize=768%2C250&amp;ssl=1 768w, https:\/\/i0.wp.com\/jlegal.pt\/wp-content\/uploads\/2021\/04\/Screenshot-2021-04-02-at-12.01.21.png?resize=1536%2C500&amp;ssl=1 1536w, https:\/\/i0.wp.com\/jlegal.pt\/wp-content\/uploads\/2021\/04\/Screenshot-2021-04-02-at-12.01.21.png?resize=16%2C5&amp;ssl=1 16w\" sizes=\"auto, (max-width: 1842px) 100vw, 1842px\" \/><br \/>\n\t\t\t<a href=\"https:\/\/jlegal.pt\/en\/news\/\" role=\"button\"><br \/>\n\t\t\t\t\t\tGo back<br \/>\n\t\t\t\t\t<\/a><\/p>\n<h1>Filipa Arantes Pedroso, partner responsible for the Real Estate, in the Podcast &#8220;Mais Que Uma Conversa&#8221; of Medium Media\u00e7\u00e3o Imobili\u00e1ria<\/h1>\n<h2>21 de mar\u00e7o 2022<\/h2>\n<p><a style=\"font-size: 18px; background-color: #ffffff;\" href=\"https:\/\/jlegal.pt\/en\/jfilipa-arantes-pedroso\/\" target=\"_blank\" rel=\"noopener\"><b>Filipa Arantes Pedroso<\/b><\/a><b>,<\/b> partner of J+Legal, was invited for the third episode of the Podcast &#8220;MAIS QUE UMA CONVERSA&#8221;.<\/p>\n<p>This episode is entirely dedicated to the Women&#8217;s month, where her achievements are celebrated, highlighting the &#8220;Professionalization of the Real Estate Market&#8221;.<\/p>\n<p>Filipa Arantes Pedroso addressed\u00a0 female empowerment and the need to give all women their due &#8220;stage&#8221;.<\/p>\n<p><a href=\"https:\/\/www.youtube.com\/watch?v=5DUSvdYUB5g\" target=\"_blank\" rel=\"noopener\"><b><u>Click here for the full Podcast.\u00a0<\/u><\/b><\/a><\/p>","protected":false},"excerpt":{"rendered":"<p>Filipa Arantes Pedroso, s\u00f3cia respons\u00e1vel pela \u00e1rea de Imobili\u00e1rio, no Podcast &#8220;Mais Que Uma Conversa&#8221; da Medium Media\u00e7\u00e3o Mobili\u00e1ria<\/p>","protected":false},"author":1,"featured_media":353,"comment_status":"open","ping_status":"open","sticky":false,"template":"","format":"standard","meta":{"footnotes":""},"categories":[5],"tags":[],"class_list":["post-185","post","type-post","status-publish","format-standard","has-post-thumbnail","hentry","category-noticias"],"aioseo_notices":[],"acf":[],"_links":{"self":[{"href":"https:\/\/jlegal.pt\/en\/wp-json\/wp\/v2\/posts\/185","targetHints":{"allow":["GET"]}}],"collection":[{"href":"https:\/\/jlegal.pt\/en\/wp-json\/wp\/v2\/posts"}],"about":[{"href":"https:\/\/jlegal.pt\/en\/wp-json\/wp\/v2\/types\/post"}],"author":[{"embeddable":true,"href":"https:\/\/jlegal.pt\/en\/wp-json\/wp\/v2\/users\/1"}],"replies":[{"embeddable":true,"href":"https:\/\/jlegal.pt\/en\/wp-json\/wp\/v2\/comments?post=185"}],"version-history":[{"count":1,"href":"https:\/\/jlegal.pt\/en\/wp-json\/wp\/v2\/posts\/185\/revisions"}],"predecessor-version":[{"id":268,"href":"https:\/\/jlegal.pt\/en\/wp-json\/wp\/v2\/posts\/185\/revisions\/268"}],"wp:featuredmedia":[{"embeddable":true,"href":"https:\/\/jlegal.pt\/en\/wp-json\/wp\/v2\/media\/353"}],"wp:attachment":[{"href":"https:\/\/jlegal.pt\/en\/wp-json\/wp\/v2\/media?parent=185"}],"wp:term":[{"taxonomy":"category","embeddable":true,"href":"https:\/\/jlegal.pt\/en\/wp-json\/wp\/v2\/categories?post=185"},{"taxonomy":"post_tag","embeddable":true,"href":"https:\/\/jlegal.pt\/en\/wp-json\/wp\/v2\/tags?post=185"}],"curies":[{"name":"wp","href":"https:\/\/api.w.org\/{rel}","templated":true}]}}