{"id":189,"date":"2022-04-19T00:00:00","date_gmt":"2022-04-19T03:00:00","guid":{"rendered":"https:\/\/jlegal.pt\/teste\/sofia-matos-socia-responsavel-pela-area-de-contencioso-na-cnn-portugal\/"},"modified":"2022-06-23T13:05:11","modified_gmt":"2022-06-23T16:05:11","slug":"sofia-matos-socia-responsavel-pela-area-de-contencioso-na-cnn-portugal","status":"publish","type":"post","link":"https:\/\/jlegal.pt\/en\/sofia-matos-socia-responsavel-pela-area-de-contencioso-na-cnn-portugal\/","title":{"rendered":"Sofia Matos, s\u00f3cia respons\u00e1vel pela \u00e1rea de Contencioso, na CNN Portugal"},"content":{"rendered":"<p><img decoding=\"async\" width=\"1842\" height=\"600\" src=\"https:\/\/jlegal.pt\/wp-content\/uploads\/2021\/04\/Screenshot-2021-04-02-at-12.01.21.png\" alt=\"\" loading=\"lazy\" srcset=\"https:\/\/i0.wp.com\/jlegal.pt\/wp-content\/uploads\/2021\/04\/Screenshot-2021-04-02-at-12.01.21.png?w=1842&amp;ssl=1 1842w, https:\/\/i0.wp.com\/jlegal.pt\/wp-content\/uploads\/2021\/04\/Screenshot-2021-04-02-at-12.01.21.png?resize=300%2C98&amp;ssl=1 300w, https:\/\/i0.wp.com\/jlegal.pt\/wp-content\/uploads\/2021\/04\/Screenshot-2021-04-02-at-12.01.21.png?resize=1024%2C334&amp;ssl=1 1024w, https:\/\/i0.wp.com\/jlegal.pt\/wp-content\/uploads\/2021\/04\/Screenshot-2021-04-02-at-12.01.21.png?resize=768%2C250&amp;ssl=1 768w, https:\/\/i0.wp.com\/jlegal.pt\/wp-content\/uploads\/2021\/04\/Screenshot-2021-04-02-at-12.01.21.png?resize=1536%2C500&amp;ssl=1 1536w, https:\/\/i0.wp.com\/jlegal.pt\/wp-content\/uploads\/2021\/04\/Screenshot-2021-04-02-at-12.01.21.png?resize=16%2C5&amp;ssl=1 16w\" sizes=\"auto, (max-width: 1842px) 100vw, 1842px\" \/><br \/>\n\t\t\t<a href=\"https:\/\/jlegal.pt\/en\/news\/\" role=\"button\"><br \/>\n\t\t\t\t\t\tGo back<br \/>\n\t\t\t\t\t<\/a><\/p>\n<h1>Sofia Matos, partner responsible for Litigation, on CNN Portugal<\/h1>\n<h2>19 de abril 2022<\/h2>\n<p><b><a href=\"https:\/\/jlegal.pt\/en\/sofia-matos\/\">Sofia Matos<\/a>,<\/b> partner of J+Legal, was invited by CNN Portugal to comment on the the latest scandal involving Lisbon University Law School and the allegations of moral, sexual harassment and discrimination.<\/p>\n<p><a href=\"https:\/\/cnnportugal.iol.pt\/videos\/sai-da-faculdade-de-direito-de-lisboa-ha-30-anos-e-na-altura-ja-corriam-rumores-de-situacoes-identicas\/625ddeef0cf26256cd1f4816\"><b><u>Click here for the clip<\/u><\/b><\/a>.<\/p>","protected":false},"excerpt":{"rendered":"<p>Sofia Matos, s\u00f3cia respons\u00e1vel pela \u00e1rea de Contencioso, na CNN Portugal<\/p>","protected":false},"author":1,"featured_media":355,"comment_status":"open","ping_status":"open","sticky":false,"template":"","format":"standard","meta":{"footnotes":""},"categories":[5],"tags":[],"class_list":["post-189","post","type-post","status-publish","format-standard","has-post-thumbnail","hentry","category-noticias"],"aioseo_notices":[],"acf":[],"_links":{"self":[{"href":"https:\/\/jlegal.pt\/en\/wp-json\/wp\/v2\/posts\/189","targetHints":{"allow":["GET"]}}],"collection":[{"href":"https:\/\/jlegal.pt\/en\/wp-json\/wp\/v2\/posts"}],"about":[{"href":"https:\/\/jlegal.pt\/en\/wp-json\/wp\/v2\/types\/post"}],"author":[{"embeddable":true,"href":"https:\/\/jlegal.pt\/en\/wp-json\/wp\/v2\/users\/1"}],"replies":[{"embeddable":true,"href":"https:\/\/jlegal.pt\/en\/wp-json\/wp\/v2\/comments?post=189"}],"version-history":[{"count":1,"href":"https:\/\/jlegal.pt\/en\/wp-json\/wp\/v2\/posts\/189\/revisions"}],"predecessor-version":[{"id":272,"href":"https:\/\/jlegal.pt\/en\/wp-json\/wp\/v2\/posts\/189\/revisions\/272"}],"wp:featuredmedia":[{"embeddable":true,"href":"https:\/\/jlegal.pt\/en\/wp-json\/wp\/v2\/media\/355"}],"wp:attachment":[{"href":"https:\/\/jlegal.pt\/en\/wp-json\/wp\/v2\/media?parent=189"}],"wp:term":[{"taxonomy":"category","embeddable":true,"href":"https:\/\/jlegal.pt\/en\/wp-json\/wp\/v2\/categories?post=189"},{"taxonomy":"post_tag","embeddable":true,"href":"https:\/\/jlegal.pt\/en\/wp-json\/wp\/v2\/tags?post=189"}],"curies":[{"name":"wp","href":"https:\/\/api.w.org\/{rel}","templated":true}]}}