{"id":190,"date":"2022-04-26T00:00:00","date_gmt":"2022-04-26T03:00:00","guid":{"rendered":"https:\/\/jlegal.pt\/teste\/jorge-brito-pereira-socio-da-jlegal-assessora-a-sapec-na-instalacao-da-galp-e-da-northvolt-no-parque-industrial-sapec-bay\/"},"modified":"2022-06-23T13:05:11","modified_gmt":"2022-06-23T16:05:11","slug":"jorge-brito-pereira-socio-da-jlegal-assessora-a-sapec-na-instalacao-da-galp-e-da-northvolt-no-parque-industrial-sapec-bay","status":"publish","type":"post","link":"https:\/\/jlegal.pt\/en\/jorge-brito-pereira-socio-da-jlegal-assessora-a-sapec-na-instalacao-da-galp-e-da-northvolt-no-parque-industrial-sapec-bay\/","title":{"rendered":"Jorge Brito Pereira, s\u00f3cio da J+Legal, assessora a SAPEC na instala\u00e7\u00e3o da Galp e da Northvolt no parque industrial Sapec Bay"},"content":{"rendered":"<p><img decoding=\"async\" width=\"1842\" height=\"600\" src=\"https:\/\/jlegal.pt\/wp-content\/uploads\/2021\/04\/Screenshot-2021-04-02-at-12.01.21.png\" alt=\"\" loading=\"lazy\" srcset=\"https:\/\/i0.wp.com\/jlegal.pt\/wp-content\/uploads\/2021\/04\/Screenshot-2021-04-02-at-12.01.21.png?w=1842&amp;ssl=1 1842w, https:\/\/i0.wp.com\/jlegal.pt\/wp-content\/uploads\/2021\/04\/Screenshot-2021-04-02-at-12.01.21.png?resize=300%2C98&amp;ssl=1 300w, https:\/\/i0.wp.com\/jlegal.pt\/wp-content\/uploads\/2021\/04\/Screenshot-2021-04-02-at-12.01.21.png?resize=1024%2C334&amp;ssl=1 1024w, https:\/\/i0.wp.com\/jlegal.pt\/wp-content\/uploads\/2021\/04\/Screenshot-2021-04-02-at-12.01.21.png?resize=768%2C250&amp;ssl=1 768w, https:\/\/i0.wp.com\/jlegal.pt\/wp-content\/uploads\/2021\/04\/Screenshot-2021-04-02-at-12.01.21.png?resize=1536%2C500&amp;ssl=1 1536w, https:\/\/i0.wp.com\/jlegal.pt\/wp-content\/uploads\/2021\/04\/Screenshot-2021-04-02-at-12.01.21.png?resize=16%2C5&amp;ssl=1 16w\" sizes=\"auto, (max-width: 1842px) 100vw, 1842px\" \/><br \/>\n\t\t\t<a href=\"https:\/\/jlegal.pt\/en\/news\/\" role=\"button\"><br \/>\n\t\t\t\t\t\tGo back<br \/>\n\t\t\t\t\t<\/a><\/p>\n<h1>Jorge Brito Pereira assessora a SAPEC na<br \/>\ninstala\u00e7\u00e3o da Galp e da Northvolt no parque industrial Sapec Bay<\/h1>\n<h2>26 de abril 2022<\/h2>\n<p>The partner of<strong> J+Legal<\/strong>&nbsp;coordinated the process and negotiation of the installation of Galp and Northvolt in the Sapec Bay industrial park, in Set\u00fabal.<\/p>\n<p>According to the companies&#8217; statement, the plant is expected to represent an investment of close to 700 million euros and create more than 200 direct skilled jobs and more than 3,000 indirect jobs in the region.<\/p>\n<p><a href=\"https:\/\/eco.sapo.pt\/2022\/04\/13\/jlegal-assessora-a-sapec-na-instalacao-da-galp-e-da-northvolt-no-parque-industrial-sapec-bay\/\" target=\"_blank\" rel=\"noopener\"><b>Read the full article here.<\/b><\/a><\/p>","protected":false},"excerpt":{"rendered":"<p>Jorge Brito Pereira, s\u00f3cio da J+Legal, assessora a SAPEC na instala\u00e7\u00e3o da Galp e da Northvolt no parque industrial Sapec Bay<\/p>","protected":false},"author":1,"featured_media":362,"comment_status":"open","ping_status":"open","sticky":false,"template":"","format":"standard","meta":{"footnotes":""},"categories":[5],"tags":[],"class_list":["post-190","post","type-post","status-publish","format-standard","has-post-thumbnail","hentry","category-noticias"],"aioseo_notices":[],"acf":[],"_links":{"self":[{"href":"https:\/\/jlegal.pt\/en\/wp-json\/wp\/v2\/posts\/190","targetHints":{"allow":["GET"]}}],"collection":[{"href":"https:\/\/jlegal.pt\/en\/wp-json\/wp\/v2\/posts"}],"about":[{"href":"https:\/\/jlegal.pt\/en\/wp-json\/wp\/v2\/types\/post"}],"author":[{"embeddable":true,"href":"https:\/\/jlegal.pt\/en\/wp-json\/wp\/v2\/users\/1"}],"replies":[{"embeddable":true,"href":"https:\/\/jlegal.pt\/en\/wp-json\/wp\/v2\/comments?post=190"}],"version-history":[{"count":1,"href":"https:\/\/jlegal.pt\/en\/wp-json\/wp\/v2\/posts\/190\/revisions"}],"predecessor-version":[{"id":273,"href":"https:\/\/jlegal.pt\/en\/wp-json\/wp\/v2\/posts\/190\/revisions\/273"}],"wp:featuredmedia":[{"embeddable":true,"href":"https:\/\/jlegal.pt\/en\/wp-json\/wp\/v2\/media\/362"}],"wp:attachment":[{"href":"https:\/\/jlegal.pt\/en\/wp-json\/wp\/v2\/media?parent=190"}],"wp:term":[{"taxonomy":"category","embeddable":true,"href":"https:\/\/jlegal.pt\/en\/wp-json\/wp\/v2\/categories?post=190"},{"taxonomy":"post_tag","embeddable":true,"href":"https:\/\/jlegal.pt\/en\/wp-json\/wp\/v2\/tags?post=190"}],"curies":[{"name":"wp","href":"https:\/\/api.w.org\/{rel}","templated":true}]}}