{"id":193,"date":"2022-05-13T00:00:00","date_gmt":"2022-05-13T03:00:00","guid":{"rendered":"https:\/\/jlegal.pt\/teste\/jaime-carvalho-esteves-socio-de-fiscal-da-jlegal-citado-no-jn-sobre-subida-de-preco-energetico\/"},"modified":"2022-06-23T13:05:13","modified_gmt":"2022-06-23T16:05:13","slug":"jaime-carvalho-esteves-socio-de-fiscal-da-jlegal-citado-no-jn-sobre-subida-de-preco-energetico","status":"publish","type":"post","link":"https:\/\/jlegal.pt\/en\/jaime-carvalho-esteves-socio-de-fiscal-da-jlegal-citado-no-jn-sobre-subida-de-preco-energetico\/","title":{"rendered":"Jaime Carvalho Esteves, s\u00f3cio de Fiscal da J+Legal, citado no JN sobre subida de pre\u00e7o energ\u00e9tico"},"content":{"rendered":"<p><img decoding=\"async\" width=\"1842\" height=\"600\" src=\"https:\/\/jlegal.pt\/wp-content\/uploads\/2021\/04\/Screenshot-2021-04-02-at-12.01.21.png\" alt=\"\" loading=\"lazy\" srcset=\"https:\/\/i0.wp.com\/jlegal.pt\/wp-content\/uploads\/2021\/04\/Screenshot-2021-04-02-at-12.01.21.png?w=1842&amp;ssl=1 1842w, https:\/\/i0.wp.com\/jlegal.pt\/wp-content\/uploads\/2021\/04\/Screenshot-2021-04-02-at-12.01.21.png?resize=300%2C98&amp;ssl=1 300w, https:\/\/i0.wp.com\/jlegal.pt\/wp-content\/uploads\/2021\/04\/Screenshot-2021-04-02-at-12.01.21.png?resize=1024%2C334&amp;ssl=1 1024w, https:\/\/i0.wp.com\/jlegal.pt\/wp-content\/uploads\/2021\/04\/Screenshot-2021-04-02-at-12.01.21.png?resize=768%2C250&amp;ssl=1 768w, https:\/\/i0.wp.com\/jlegal.pt\/wp-content\/uploads\/2021\/04\/Screenshot-2021-04-02-at-12.01.21.png?resize=1536%2C500&amp;ssl=1 1536w, https:\/\/i0.wp.com\/jlegal.pt\/wp-content\/uploads\/2021\/04\/Screenshot-2021-04-02-at-12.01.21.png?resize=16%2C5&amp;ssl=1 16w\" sizes=\"auto, (max-width: 1842px) 100vw, 1842px\"><br \/>\n<a href=\"https:\/\/jlegal.pt\/en\/news\/\" role=\"button\"><br \/>\nGo back<br \/>\n<\/a><\/p>\n<h1>Jaime Carvalho Esteves quoted in the JN on energy price increase<\/h1>\n<h2>13 de maio 2022<\/h2>\n<p>&nbsp;<a style=\"font-size: 18px; background-color: #ffffff;\" href=\"https:\/\/jlegal.pt\/pt\/jaime-carvalho-esteves\/\" target=\"_blank\" rel=\"noopener\"><b>Jaime Carvalho Esteves<\/b><\/a>, partner of <strong>J+Legal<\/strong>, is one of the lawyers interviewed by Jornal Neg\u00f3cio regarding the measures to be implemented in a tax context, in order to cope with the price increases occurring in the energy sector.<\/p>\n<p>For Jaime, who also has a deep knowledge of the energy market, the question is not, for companies, about the reduction of VAT, but rather &#8220;<em>about the taxes and fees incurred on energy<\/em>&#8220;.<\/p>\n<p><a href=\"https:\/\/jlegal.pt\/wp-content\/uploads\/2022\/05\/JLegal_JCE_JN_12.maio_.22.jpeg\" target=\"_blank\" rel=\"noopener\"><u><b>Click here for the&nbsp;article.<\/b><\/u><\/a><\/p>","protected":false},"excerpt":{"rendered":"<p>Jaime Carvalho Esteves, s\u00f3cio de Fiscal da J+Legal, citado no JN sobre subida de pre\u00e7o energ\u00e9tico<\/p>","protected":false},"author":1,"featured_media":346,"comment_status":"open","ping_status":"open","sticky":false,"template":"","format":"standard","meta":{"footnotes":""},"categories":[5],"tags":[],"class_list":["post-193","post","type-post","status-publish","format-standard","has-post-thumbnail","hentry","category-noticias"],"aioseo_notices":[],"acf":[],"_links":{"self":[{"href":"https:\/\/jlegal.pt\/en\/wp-json\/wp\/v2\/posts\/193","targetHints":{"allow":["GET"]}}],"collection":[{"href":"https:\/\/jlegal.pt\/en\/wp-json\/wp\/v2\/posts"}],"about":[{"href":"https:\/\/jlegal.pt\/en\/wp-json\/wp\/v2\/types\/post"}],"author":[{"embeddable":true,"href":"https:\/\/jlegal.pt\/en\/wp-json\/wp\/v2\/users\/1"}],"replies":[{"embeddable":true,"href":"https:\/\/jlegal.pt\/en\/wp-json\/wp\/v2\/comments?post=193"}],"version-history":[{"count":1,"href":"https:\/\/jlegal.pt\/en\/wp-json\/wp\/v2\/posts\/193\/revisions"}],"predecessor-version":[{"id":276,"href":"https:\/\/jlegal.pt\/en\/wp-json\/wp\/v2\/posts\/193\/revisions\/276"}],"wp:featuredmedia":[{"embeddable":true,"href":"https:\/\/jlegal.pt\/en\/wp-json\/wp\/v2\/media\/346"}],"wp:attachment":[{"href":"https:\/\/jlegal.pt\/en\/wp-json\/wp\/v2\/media?parent=193"}],"wp:term":[{"taxonomy":"category","embeddable":true,"href":"https:\/\/jlegal.pt\/en\/wp-json\/wp\/v2\/categories?post=193"},{"taxonomy":"post_tag","embeddable":true,"href":"https:\/\/jlegal.pt\/en\/wp-json\/wp\/v2\/tags?post=193"}],"curies":[{"name":"wp","href":"https:\/\/api.w.org\/{rel}","templated":true}]}}