{"id":194,"date":"2022-05-13T00:00:00","date_gmt":"2022-05-13T03:00:00","guid":{"rendered":"https:\/\/jlegal.pt\/teste\/jlegal-assessora-a-lisbon-roots-em-operacao-de-reorganizacao-societaria-e-aumento-de-capital\/"},"modified":"2022-06-23T13:05:13","modified_gmt":"2022-06-23T16:05:13","slug":"jlegal-assessora-a-lisbon-roots-em-operacao-de-reorganizacao-societaria-e-aumento-de-capital","status":"publish","type":"post","link":"https:\/\/jlegal.pt\/en\/jlegal-assessora-a-lisbon-roots-em-operacao-de-reorganizacao-societaria-e-aumento-de-capital\/","title":{"rendered":"J+Legal assessora a Lisbon Roots em opera\u00e7\u00e3o de reorganiza\u00e7\u00e3o societ\u00e1ria e aumento de capital"},"content":{"rendered":"<p><img decoding=\"async\" width=\"1842\" height=\"600\" src=\"https:\/\/jlegal.pt\/wp-content\/uploads\/2021\/04\/Screenshot-2021-04-02-at-12.01.21.png\" alt=\"\" loading=\"lazy\" srcset=\"https:\/\/i0.wp.com\/jlegal.pt\/wp-content\/uploads\/2021\/04\/Screenshot-2021-04-02-at-12.01.21.png?w=1842&amp;ssl=1 1842w, https:\/\/i0.wp.com\/jlegal.pt\/wp-content\/uploads\/2021\/04\/Screenshot-2021-04-02-at-12.01.21.png?resize=300%2C98&amp;ssl=1 300w, https:\/\/i0.wp.com\/jlegal.pt\/wp-content\/uploads\/2021\/04\/Screenshot-2021-04-02-at-12.01.21.png?resize=1024%2C334&amp;ssl=1 1024w, https:\/\/i0.wp.com\/jlegal.pt\/wp-content\/uploads\/2021\/04\/Screenshot-2021-04-02-at-12.01.21.png?resize=768%2C250&amp;ssl=1 768w, https:\/\/i0.wp.com\/jlegal.pt\/wp-content\/uploads\/2021\/04\/Screenshot-2021-04-02-at-12.01.21.png?resize=1536%2C500&amp;ssl=1 1536w, https:\/\/i0.wp.com\/jlegal.pt\/wp-content\/uploads\/2021\/04\/Screenshot-2021-04-02-at-12.01.21.png?resize=16%2C5&amp;ssl=1 16w\" sizes=\"auto, (max-width: 1842px) 100vw, 1842px\" \/><br \/>\n\t\t\t<a href=\"https:\/\/jlegal.pt\/en\/news\/\" role=\"button\"><br \/>\n\t\t\t\t\t\tGo back<br \/>\n\t\t\t\t\t<\/a><\/p>\n<h1>J+Legal assessora a Lisbon Roots em opera\u00e7\u00e3o de reorganiza\u00e7\u00e3o societ\u00e1ria e aumento de capital<\/h1>\n<h2>13 de maio 2022<\/h2>\n<p>A&nbsp;<strong>J+Legal<\/strong> assessorou a <strong>LISBONROOTS \u2013 Heritage Exclusive Tours<\/strong>,&nbsp;uma empresa de capital 100% portugu\u00eas fundada em 2015, numa opera\u00e7\u00e3o de&nbsp;reorganiza\u00e7\u00e3o societ\u00e1ria e realiza\u00e7\u00e3o de um aumento de capital social subscrito por uma sociedade investidora institucional.<\/p>\n<p>A opera\u00e7\u00e3o de reorganiza\u00e7\u00e3o societ\u00e1ria foi feita sob&nbsp;<strong>a coordena\u00e7\u00e3o do s\u00f3cio&nbsp;<\/strong><a href=\"https:\/\/jlegal.pt\/pt\/jaime-carvalho-esteves\/\" target=\"_blank\" rel=\"noopener\"><b>Jaime Carvalho Esteves<\/b><\/a>&nbsp;e operacionalizada pelo<strong>&nbsp;associado s\u00e9nior&nbsp;<\/strong><a href=\"https:\/\/jlegal.pt\/pt\/lourenco-corte-real\/\" target=\"_blank\" rel=\"noopener\"><b>Louren\u00e7o C\u00f4rte-Real<\/b>&nbsp;<\/a>e pela advogada estagi\u00e1ria&nbsp;<a href=\"https:\/\/jlegal.pt\/pt\/jcarolina-serrano-correia\/\" target=\"_blank\" rel=\"noopener\"><b>Carolina Serrano Correia<\/b><\/a>.<\/p>\n<p><a href=\"https:\/\/eco-sapo-pt.cdn.ampproject.org\/c\/s\/eco.sapo.pt\/2022\/05\/10\/jlegal-assessora-a-lisbon-roots-em-operacao-de-reorganizacao-societaria-e-aumento-de-capital\/amp\/\" target=\"_blank\" rel=\"noopener\"><u><b>Leia o artigo aqui.<\/b><\/u><\/a><\/p>","protected":false},"excerpt":{"rendered":"<p>J+Legal assessora a Lisbon Roots em opera\u00e7\u00e3o de reorganiza\u00e7\u00e3o societ\u00e1ria e aumento de capital<\/p>","protected":false},"author":1,"featured_media":362,"comment_status":"open","ping_status":"open","sticky":false,"template":"","format":"standard","meta":{"footnotes":""},"categories":[5],"tags":[],"class_list":["post-194","post","type-post","status-publish","format-standard","has-post-thumbnail","hentry","category-noticias"],"aioseo_notices":[],"acf":[],"_links":{"self":[{"href":"https:\/\/jlegal.pt\/en\/wp-json\/wp\/v2\/posts\/194","targetHints":{"allow":["GET"]}}],"collection":[{"href":"https:\/\/jlegal.pt\/en\/wp-json\/wp\/v2\/posts"}],"about":[{"href":"https:\/\/jlegal.pt\/en\/wp-json\/wp\/v2\/types\/post"}],"author":[{"embeddable":true,"href":"https:\/\/jlegal.pt\/en\/wp-json\/wp\/v2\/users\/1"}],"replies":[{"embeddable":true,"href":"https:\/\/jlegal.pt\/en\/wp-json\/wp\/v2\/comments?post=194"}],"version-history":[{"count":1,"href":"https:\/\/jlegal.pt\/en\/wp-json\/wp\/v2\/posts\/194\/revisions"}],"predecessor-version":[{"id":277,"href":"https:\/\/jlegal.pt\/en\/wp-json\/wp\/v2\/posts\/194\/revisions\/277"}],"wp:featuredmedia":[{"embeddable":true,"href":"https:\/\/jlegal.pt\/en\/wp-json\/wp\/v2\/media\/362"}],"wp:attachment":[{"href":"https:\/\/jlegal.pt\/en\/wp-json\/wp\/v2\/media?parent=194"}],"wp:term":[{"taxonomy":"category","embeddable":true,"href":"https:\/\/jlegal.pt\/en\/wp-json\/wp\/v2\/categories?post=194"},{"taxonomy":"post_tag","embeddable":true,"href":"https:\/\/jlegal.pt\/en\/wp-json\/wp\/v2\/tags?post=194"}],"curies":[{"name":"wp","href":"https:\/\/api.w.org\/{rel}","templated":true}]}}