{"id":199,"date":"2022-09-09T00:00:00","date_gmt":"2022-09-09T04:00:00","guid":{"rendered":"https:\/\/jlegal.pt\/teste\/jlegal-recebe-joao-taborda-da-gama-na-6a-edicao-das-jtalks\/"},"modified":"2022-09-12T05:12:24","modified_gmt":"2022-09-12T09:12:24","slug":"jlegal-recebe-joao-taborda-da-gama-na-6a-edicao-das-jtalks","status":"publish","type":"post","link":"https:\/\/jlegal.pt\/en\/jlegal-recebe-joao-taborda-da-gama-na-6a-edicao-das-jtalks\/","title":{"rendered":"J+Legal recebe Jo\u00e3o Taborda da Gama na 6\u00aa Edi\u00e7\u00e3o das J+Talks"},"content":{"rendered":"<p><img decoding=\"async\" width=\"1842\" height=\"600\" src=\"https:\/\/jlegal.pt\/wp-content\/uploads\/2021\/04\/Screenshot-2021-04-02-at-12.01.21.png\" alt=\"\" loading=\"lazy\" srcset=\"https:\/\/i0.wp.com\/jlegal.pt\/wp-content\/uploads\/2021\/04\/Screenshot-2021-04-02-at-12.01.21.png?w=1842&amp;ssl=1 1842w, https:\/\/i0.wp.com\/jlegal.pt\/wp-content\/uploads\/2021\/04\/Screenshot-2021-04-02-at-12.01.21.png?resize=300%2C98&amp;ssl=1 300w, https:\/\/i0.wp.com\/jlegal.pt\/wp-content\/uploads\/2021\/04\/Screenshot-2021-04-02-at-12.01.21.png?resize=1024%2C334&amp;ssl=1 1024w, https:\/\/i0.wp.com\/jlegal.pt\/wp-content\/uploads\/2021\/04\/Screenshot-2021-04-02-at-12.01.21.png?resize=768%2C250&amp;ssl=1 768w, https:\/\/i0.wp.com\/jlegal.pt\/wp-content\/uploads\/2021\/04\/Screenshot-2021-04-02-at-12.01.21.png?resize=1536%2C500&amp;ssl=1 1536w, https:\/\/i0.wp.com\/jlegal.pt\/wp-content\/uploads\/2021\/04\/Screenshot-2021-04-02-at-12.01.21.png?resize=16%2C5&amp;ssl=1 16w\" sizes=\"auto, (max-width: 1842px) 100vw, 1842px\" \/><br \/>\n\t\t\t<a href=\"https:\/\/jlegal.pt\/en\/news\/\" role=\"button\"><br \/>\n\t\t\t\t\t\tGo back<br \/>\n\t\t\t\t\t<\/a><\/p>\n<h1>J+Legal recebe Jo\u00e3o Taborda da Gama na 6.\u00aa Edi\u00e7\u00e3o das <i><b>J+Talks<\/b><\/i><\/h1>\n<h2>8 de junho 2022<\/h2>\n<p>Desta vez as <strong>J+Talks<\/strong> receberam <b>Jo\u00e3o Taborda da Gama<\/b> (<a href=\"https:\/\/gamagloria.com\/\" target=\"_blank\" rel=\"noopener\"><b>Gama, Gl\u00f3ria<\/b><\/a>).\u00a0<\/p>\n<p>Falamos sobre a regula\u00e7\u00e3o dos usos terap\u00eauticos, confessionais e recreativos e ainda sobre as liberdades individuais, tudo a prop\u00f3sito de uma nova pol\u00edtica de drogas que regule e proteja.\u00a0<\/p>\n<p>Tema fascinante e tratado na nova obra do Autor, acabada de publicar.\u00a0<a style=\"font-size: 18px; background-color: #ffffff;\" href=\"https:\/\/www.linkedin.com\/events\/6937888250946584576\/\" target=\"_blank\" rel=\"noopener\"><b>Link para o lan\u00e7amento do livro aqui.<\/b><\/a><\/p>\n<p>\t\t\t\t\t\t\t\t\t\t\t\t\t\t\t<img decoding=\"async\" width=\"768\" height=\"576\" src=\"https:\/\/jlegal.pt\/wp-content\/uploads\/2022\/06\/9dc5999f-64dc-46ad-aee8-4733a1e559b6-768x576.jpg\" alt=\"\" loading=\"lazy\" srcset=\"https:\/\/i0.wp.com\/jlegal.pt\/wp-content\/uploads\/2022\/06\/9dc5999f-64dc-46ad-aee8-4733a1e559b6.jpg?resize=768%2C576&amp;ssl=1 768w, https:\/\/i0.wp.com\/jlegal.pt\/wp-content\/uploads\/2022\/06\/9dc5999f-64dc-46ad-aee8-4733a1e559b6.jpg?resize=300%2C225&amp;ssl=1 300w, https:\/\/i0.wp.com\/jlegal.pt\/wp-content\/uploads\/2022\/06\/9dc5999f-64dc-46ad-aee8-4733a1e559b6.jpg?resize=16%2C12&amp;ssl=1 16w, https:\/\/i0.wp.com\/jlegal.pt\/wp-content\/uploads\/2022\/06\/9dc5999f-64dc-46ad-aee8-4733a1e559b6.jpg?w=1024&amp;ssl=1 1024w\" sizes=\"auto, (max-width: 768px) 100vw, 768px\" \/><\/p>","protected":false},"excerpt":{"rendered":"<p>J+Legal recebe Jo\u00e3o Taborda da Gama na 6\u00aa Edi\u00e7\u00e3o das J+Talks<\/p>","protected":false},"author":1,"featured_media":366,"comment_status":"open","ping_status":"open","sticky":false,"template":"","format":"standard","meta":{"footnotes":""},"categories":[5],"tags":[],"class_list":["post-199","post","type-post","status-publish","format-standard","has-post-thumbnail","hentry","category-noticias"],"aioseo_notices":[],"acf":[],"_links":{"self":[{"href":"https:\/\/jlegal.pt\/en\/wp-json\/wp\/v2\/posts\/199","targetHints":{"allow":["GET"]}}],"collection":[{"href":"https:\/\/jlegal.pt\/en\/wp-json\/wp\/v2\/posts"}],"about":[{"href":"https:\/\/jlegal.pt\/en\/wp-json\/wp\/v2\/types\/post"}],"author":[{"embeddable":true,"href":"https:\/\/jlegal.pt\/en\/wp-json\/wp\/v2\/users\/1"}],"replies":[{"embeddable":true,"href":"https:\/\/jlegal.pt\/en\/wp-json\/wp\/v2\/comments?post=199"}],"version-history":[{"count":2,"href":"https:\/\/jlegal.pt\/en\/wp-json\/wp\/v2\/posts\/199\/revisions"}],"predecessor-version":[{"id":8568,"href":"https:\/\/jlegal.pt\/en\/wp-json\/wp\/v2\/posts\/199\/revisions\/8568"}],"wp:featuredmedia":[{"embeddable":true,"href":"https:\/\/jlegal.pt\/en\/wp-json\/wp\/v2\/media\/366"}],"wp:attachment":[{"href":"https:\/\/jlegal.pt\/en\/wp-json\/wp\/v2\/media?parent=199"}],"wp:term":[{"taxonomy":"category","embeddable":true,"href":"https:\/\/jlegal.pt\/en\/wp-json\/wp\/v2\/categories?post=199"},{"taxonomy":"post_tag","embeddable":true,"href":"https:\/\/jlegal.pt\/en\/wp-json\/wp\/v2\/tags?post=199"}],"curies":[{"name":"wp","href":"https:\/\/api.w.org\/{rel}","templated":true}]}}