{"id":8569,"date":"2022-09-12T14:03:39","date_gmt":"2022-09-12T18:03:39","guid":{"rendered":"https:\/\/jlegal.pt\/teste\/?p=8569"},"modified":"2022-09-12T14:26:11","modified_gmt":"2022-09-12T18:26:11","slug":"jorge-brito-pereira-obtem-grau-de-doutor-em-direito-apos-defesa-da-tese-a-dupla-face-da-regulacao-voto-plural-nas-sociedades-anonimas","status":"publish","type":"post","link":"https:\/\/jlegal.pt\/en\/jorge-brito-pereira-obtem-grau-de-doutor-em-direito-apos-defesa-da-tese-a-dupla-face-da-regulacao-voto-plural-nas-sociedades-anonimas\/","title":{"rendered":"Jorge Brito Pereira obt\u00e9m grau de Doutor em Direito ap\u00f3s defesa da tese a Dupla Face da Regula\u00e7\u00e3o Voto Plural nas Sociedades An\u00f3nimas"},"content":{"rendered":"<p><a role=\"button\" href=\"https:\/\/jlegal.pt\/en\/news\/\">Go back<br \/>\n<\/a><\/p>\n<h1>Jorge Brito Pereira obt\u00e9m grau de Doutor em Direito ap\u00f3s defesa da tese a Dupla Face da Regula\u00e7\u00e3o Voto Plural nas Sociedades An\u00f3nimas<\/h1>\n<h2>7 de julho 2022<\/h2>\n<p>Em 2020, o nosso fundador <a href=\"https:\/\/jlegal.pt\/pt\/jorge-brito-pereira\/\"><strong>Jorge Brito Pereira<\/strong><\/a>\u00a0disse que suspendia o exerc\u00edcio da advocacia para se dedicar \u00e0 sua tese de doutoramento.<\/p>\n<p>Ontem, defendeu-a com brilhantismo na Faculdade de Direito da Universidade Cat\u00f3lica, obtendo a classifica\u00e7\u00e3o de 18 (dezoito) valores.<\/p>\n<p>E mais, neste tamb\u00e9m per\u00edodo fundou a J+Legal, pelo que cumpriu por excesso e com sucesso a sua promessa de 2020.<\/p>\n<p>Estamos, por isso, felizes pelo nosso s\u00f3cio e orgulhosos de trabalhar diariamente com o novo Professor Doutor em Direito.<\/p>\n<p>Muitos parab\u00e9ns, Jorge. Bravo!<\/p>","protected":false},"excerpt":{"rendered":"<p>J+Legal recebe Jo\u00e3o Taborda da Gama na 6\u00aa Edi\u00e7\u00e3o das J+Talks<\/p>","protected":false},"author":2,"featured_media":8600,"comment_status":"open","ping_status":"open","sticky":false,"template":"","format":"standard","meta":{"footnotes":""},"categories":[5],"tags":[],"class_list":["post-8569","post","type-post","status-publish","format-standard","has-post-thumbnail","hentry","category-noticias"],"aioseo_notices":[],"acf":[],"_links":{"self":[{"href":"https:\/\/jlegal.pt\/en\/wp-json\/wp\/v2\/posts\/8569","targetHints":{"allow":["GET"]}}],"collection":[{"href":"https:\/\/jlegal.pt\/en\/wp-json\/wp\/v2\/posts"}],"about":[{"href":"https:\/\/jlegal.pt\/en\/wp-json\/wp\/v2\/types\/post"}],"author":[{"embeddable":true,"href":"https:\/\/jlegal.pt\/en\/wp-json\/wp\/v2\/users\/2"}],"replies":[{"embeddable":true,"href":"https:\/\/jlegal.pt\/en\/wp-json\/wp\/v2\/comments?post=8569"}],"version-history":[{"count":1,"href":"https:\/\/jlegal.pt\/en\/wp-json\/wp\/v2\/posts\/8569\/revisions"}],"predecessor-version":[{"id":8570,"href":"https:\/\/jlegal.pt\/en\/wp-json\/wp\/v2\/posts\/8569\/revisions\/8570"}],"wp:featuredmedia":[{"embeddable":true,"href":"https:\/\/jlegal.pt\/en\/wp-json\/wp\/v2\/media\/8600"}],"wp:attachment":[{"href":"https:\/\/jlegal.pt\/en\/wp-json\/wp\/v2\/media?parent=8569"}],"wp:term":[{"taxonomy":"category","embeddable":true,"href":"https:\/\/jlegal.pt\/en\/wp-json\/wp\/v2\/categories?post=8569"},{"taxonomy":"post_tag","embeddable":true,"href":"https:\/\/jlegal.pt\/en\/wp-json\/wp\/v2\/tags?post=8569"}],"curies":[{"name":"wp","href":"https:\/\/api.w.org\/{rel}","templated":true}]}}