{"id":8571,"date":"2022-09-12T14:05:12","date_gmt":"2022-09-12T18:05:12","guid":{"rendered":"https:\/\/jlegal.pt\/teste\/?p=8571"},"modified":"2022-09-12T14:27:43","modified_gmt":"2022-09-12T18:27:43","slug":"jaime-carvalho-esteves-socio-de-tax-e-private-clients-da-jlegal-para-o-diario-de-noticias-desafios-para-o-pais-17-gestores-apontam-caminhos-para-o-futuro","status":"publish","type":"post","link":"https:\/\/jlegal.pt\/en\/jaime-carvalho-esteves-socio-de-tax-e-private-clients-da-jlegal-para-o-diario-de-noticias-desafios-para-o-pais-17-gestores-apontam-caminhos-para-o-futuro\/","title":{"rendered":"Jaime Carvalho Esteves, s\u00f3cio de Tax e Private Clients da J+Legal, para o Di\u00e1rio de Not\u00edcias &#8211; Desafios para o pa\u00eds: 17 gestores apontam caminhos para o futuro"},"content":{"rendered":"<p><a role=\"button\" href=\"https:\/\/jlegal.pt\/en\/news\/\">Go back<br \/>\n<\/a><\/p>\n<h1>Jaime Carvalho Esteves, s\u00f3cio de Tax e Private Clients da J+Legal, para o Di\u00e1rio de Not\u00edcias &#8211; Desafios para o pa\u00eds: 17 gestores apontam caminhos para o futuro<\/h1>\n<h2>25 de julho 2022<\/h2>\n<p><a href=\"https:\/\/jlegal.pt\/pt\/jaime-carvalho-esteves\/\" target=\"_blank\" rel=\"noopener\"><b>Jaime Carvalho Esteves<\/b><\/a>, s\u00f3cio de Tax e Private Clients da\u00a0<strong>A J+Legal<\/strong>, foi convidado pelo Jornal Di\u00e1rio de Not\u00edcias a apontar os desafios e caminhos para o futuro do pa\u00eds.<\/p>\n<p>Para o s\u00f3cio, h\u00e1 problemas que podem ser vantagens, havendo a oportunidade do pa\u00eds implementar uma base industrial forte.<\/p>\n<p>\u201cPortugal pode ser o porto seguro enquadrado na sua liga\u00e7\u00e3o ao Atl\u00e2ntico Norte e Sul\u201d, aponta Jaime, alertando para que n\u00e3o se repitam erros do passado com o PRR e o Portugal 2030.<\/p>\n<p><strong><a href=\"https:\/\/www.dn.pt\/dinheiro\/desafios-para-o-pais-17-gestores-apontam-caminhos-para-o-futuro-15028739.html\">Leia o artigo aqui.<\/a><\/strong><\/p>","protected":false},"excerpt":{"rendered":"<p>J+Legal recebe Jo\u00e3o Taborda da Gama na 6\u00aa Edi\u00e7\u00e3o das J+Talks<\/p>","protected":false},"author":2,"featured_media":8603,"comment_status":"open","ping_status":"open","sticky":false,"template":"","format":"standard","meta":{"footnotes":""},"categories":[5],"tags":[],"class_list":["post-8571","post","type-post","status-publish","format-standard","has-post-thumbnail","hentry","category-noticias"],"aioseo_notices":[],"acf":[],"_links":{"self":[{"href":"https:\/\/jlegal.pt\/en\/wp-json\/wp\/v2\/posts\/8571","targetHints":{"allow":["GET"]}}],"collection":[{"href":"https:\/\/jlegal.pt\/en\/wp-json\/wp\/v2\/posts"}],"about":[{"href":"https:\/\/jlegal.pt\/en\/wp-json\/wp\/v2\/types\/post"}],"author":[{"embeddable":true,"href":"https:\/\/jlegal.pt\/en\/wp-json\/wp\/v2\/users\/2"}],"replies":[{"embeddable":true,"href":"https:\/\/jlegal.pt\/en\/wp-json\/wp\/v2\/comments?post=8571"}],"version-history":[{"count":2,"href":"https:\/\/jlegal.pt\/en\/wp-json\/wp\/v2\/posts\/8571\/revisions"}],"predecessor-version":[{"id":8573,"href":"https:\/\/jlegal.pt\/en\/wp-json\/wp\/v2\/posts\/8571\/revisions\/8573"}],"wp:featuredmedia":[{"embeddable":true,"href":"https:\/\/jlegal.pt\/en\/wp-json\/wp\/v2\/media\/8603"}],"wp:attachment":[{"href":"https:\/\/jlegal.pt\/en\/wp-json\/wp\/v2\/media?parent=8571"}],"wp:term":[{"taxonomy":"category","embeddable":true,"href":"https:\/\/jlegal.pt\/en\/wp-json\/wp\/v2\/categories?post=8571"},{"taxonomy":"post_tag","embeddable":true,"href":"https:\/\/jlegal.pt\/en\/wp-json\/wp\/v2\/tags?post=8571"}],"curies":[{"name":"wp","href":"https:\/\/api.w.org\/{rel}","templated":true}]}}