{"id":8574,"date":"2022-09-12T14:08:29","date_gmt":"2022-09-12T18:08:29","guid":{"rendered":"https:\/\/jlegal.pt\/teste\/?p=8574"},"modified":"2022-10-12T06:50:00","modified_gmt":"2022-10-12T10:50:00","slug":"lourenco-corte-real-associado-senior-da-jlegal-assessorou-a-hemporama-na-negociacao-e-celebracao-de-dois-contratos-de-exploracao-agricola","status":"publish","type":"post","link":"https:\/\/jlegal.pt\/en\/lourenco-corte-real-associado-senior-da-jlegal-assessorou-a-hemporama-na-negociacao-e-celebracao-de-dois-contratos-de-exploracao-agricola\/","title":{"rendered":"Louren\u00e7o C\u00f4rte-Real, Associado S\u00e9nior da J+Legal assessorou a Hemporama na negocia\u00e7\u00e3o e celebra\u00e7\u00e3o de dois contratos de explora\u00e7\u00e3o agr\u00edcola"},"content":{"rendered":"<p><a role=\"button\" href=\"https:\/\/jlegal.pt\/en\/news\/\">Go back<br \/>\n<\/a><\/p>\n<h1 class=\"elementor-heading-title elementor-size-default\">Louren\u00e7o C\u00f4rte-Real, Associado S\u00e9nior da J+Legal assessorou a Hemporama na negocia\u00e7\u00e3o e celebra\u00e7\u00e3o de dois contratos de explora\u00e7\u00e3o agr\u00edcola<\/h1>\n<h2>26 de julho 2022<\/h2>\n<p><a href=\"https:\/\/jlegal.pt\/pt\/lourenco-corte-real\/\" target=\"_blank\" rel=\"noopener\"><b>Louren\u00e7o C\u00f4rte-Real<\/b><\/a>, associado s\u00e9nior da J+Legal, coordenou as negocia\u00e7\u00f5es e a operacionaliza\u00e7\u00e3o de dois contratos de explora\u00e7\u00e3o agr\u00edcola para implementa\u00e7\u00e3o do projeto de cultivo de c\u00e2nhamo industrial para utiliza\u00e7\u00e3o na ind\u00fastria t\u00eaxtil por parte da Hemporama.<\/p>\n<p>De acordo com Gon\u00e7alo Raposo Pereira e S\u00e9rgio Cavaco, administradores da Hemporama, o aumento da capacidade produtiva \u00e9 de grande import\u00e2ncia, uma vez que lhe permitir\u00e1 afirmar-se como um\u00a0<i>player tier one<\/i>\u00a0na respetiva \u00e1rea de atua\u00e7\u00e3o.<\/p>\n<p><a href=\"https:\/\/eco.sapo.pt\/2022\/07\/26\/jlegal-assessorou-a-hemporama-na-negociacao-e-celebracao-de-dois-contratos-de-exploracao-agricola\/\" target=\"_blank\" rel=\"noopener\"><b>Leia o artigo aqui.<\/b><\/a><\/p>","protected":false},"excerpt":{"rendered":"<p>Louren\u00e7o C\u00f4rte-Real, Associado S\u00e9nior da J+Legal assessorou a Hemporama na negocia\u00e7\u00e3o e celebra\u00e7\u00e3o de dois contratos de explora\u00e7\u00e3o agr\u00edcola<\/p>","protected":false},"author":2,"featured_media":8604,"comment_status":"open","ping_status":"open","sticky":false,"template":"","format":"standard","meta":{"footnotes":""},"categories":[5],"tags":[],"class_list":["post-8574","post","type-post","status-publish","format-standard","has-post-thumbnail","hentry","category-noticias"],"aioseo_notices":[],"acf":[],"_links":{"self":[{"href":"https:\/\/jlegal.pt\/en\/wp-json\/wp\/v2\/posts\/8574","targetHints":{"allow":["GET"]}}],"collection":[{"href":"https:\/\/jlegal.pt\/en\/wp-json\/wp\/v2\/posts"}],"about":[{"href":"https:\/\/jlegal.pt\/en\/wp-json\/wp\/v2\/types\/post"}],"author":[{"embeddable":true,"href":"https:\/\/jlegal.pt\/en\/wp-json\/wp\/v2\/users\/2"}],"replies":[{"embeddable":true,"href":"https:\/\/jlegal.pt\/en\/wp-json\/wp\/v2\/comments?post=8574"}],"version-history":[{"count":2,"href":"https:\/\/jlegal.pt\/en\/wp-json\/wp\/v2\/posts\/8574\/revisions"}],"predecessor-version":[{"id":8756,"href":"https:\/\/jlegal.pt\/en\/wp-json\/wp\/v2\/posts\/8574\/revisions\/8756"}],"wp:featuredmedia":[{"embeddable":true,"href":"https:\/\/jlegal.pt\/en\/wp-json\/wp\/v2\/media\/8604"}],"wp:attachment":[{"href":"https:\/\/jlegal.pt\/en\/wp-json\/wp\/v2\/media?parent=8574"}],"wp:term":[{"taxonomy":"category","embeddable":true,"href":"https:\/\/jlegal.pt\/en\/wp-json\/wp\/v2\/categories?post=8574"},{"taxonomy":"post_tag","embeddable":true,"href":"https:\/\/jlegal.pt\/en\/wp-json\/wp\/v2\/tags?post=8574"}],"curies":[{"name":"wp","href":"https:\/\/api.w.org\/{rel}","templated":true}]}}