{"id":8576,"date":"2022-09-12T14:09:19","date_gmt":"2022-09-12T18:09:19","guid":{"rendered":"https:\/\/jlegal.pt\/teste\/?p=8576"},"modified":"2022-10-12T06:49:48","modified_gmt":"2022-10-12T10:49:48","slug":"equipa-de-litigation-e-compliance-da-jlegal-colabora-em-acao-popular-movida-contra-apple-e-google","status":"publish","type":"post","link":"https:\/\/jlegal.pt\/en\/equipa-de-litigation-e-compliance-da-jlegal-colabora-em-acao-popular-movida-contra-apple-e-google\/","title":{"rendered":"Equipa de Litigation e Compliance da J+Legal colabora em a\u00e7\u00e3o popular movida contra Apple e Google"},"content":{"rendered":"<p><a role=\"button\" href=\"https:\/\/jlegal.pt\/en\/news\/\">Go back<br \/>\n<\/a><\/p>\n<h1 class=\"elementor-heading-title elementor-size-default\">Equipa de Litigation e Compliance da J+Legal colabora em a\u00e7\u00e3o popular movida contra Apple e Google<\/h1>\n<h2>27 de julho 2022<\/h2>\n<p>Conforme avan\u00e7ado pelos meios de comunica\u00e7\u00e3o Observador e Expresso, foi movida a\u00e7\u00e3o popular contra a Apple e a Google.<\/p>\n<p>Uma a\u00e7\u00e3o que conta com a participa\u00e7\u00e3o da equipa de\u00a0<i>Contencioso<\/i>\u00a0e\u00a0<i>Compliance<\/i>\u00a0da J+Legal. liderada pela s\u00f3cia\u00a0<a href=\"https:\/\/jlegal.pt\/pt\/sofia-matos\/\" target=\"_blank\" rel=\"noopener\"><b>Sofia Matos<\/b><\/a>.<\/p>\n<p>As a\u00e7\u00f5es contam com a participa\u00e7\u00e3o da J+Legal, Sociedade de Advogados e Cardigos, em Portugal, bem como a sociedade de advogados Hausfeld e a empresa Eskariam, especializada em a\u00e7\u00f5es coletivas.<\/p>\n<p><a href=\"https:\/\/observador.pt\/2022\/07\/27\/apple-e-google-alvo-de-acoes-judiciais-em-portugal-que-reclamam-mais-de-200-milhoes-de-euros\/\" target=\"_blank\" rel=\"noopener\"><b>Leia o artigo do Observador aqui.<\/b><\/a><\/p>\n<p><a href=\"https:\/\/expresso.pt\/economia\/2022-07-27-Apple-e-Google-alvo-de-novas-acoes-judiciais-em-Portugal-que-reclamam-mais-de-200-milhoes-de-euros-162aef29\" target=\"_blank\" rel=\"noopener\"><b>Leia artigo do Expresso aqui.<\/b><\/a><\/p>","protected":false},"excerpt":{"rendered":"<p>Equipa de Litigation e Compliance da J+Legal colabora em a\u00e7\u00e3o popular movida contra Apple e Google<\/p>","protected":false},"author":2,"featured_media":8607,"comment_status":"open","ping_status":"open","sticky":false,"template":"","format":"standard","meta":{"footnotes":""},"categories":[5],"tags":[],"class_list":["post-8576","post","type-post","status-publish","format-standard","has-post-thumbnail","hentry","category-noticias"],"aioseo_notices":[],"acf":[],"_links":{"self":[{"href":"https:\/\/jlegal.pt\/en\/wp-json\/wp\/v2\/posts\/8576","targetHints":{"allow":["GET"]}}],"collection":[{"href":"https:\/\/jlegal.pt\/en\/wp-json\/wp\/v2\/posts"}],"about":[{"href":"https:\/\/jlegal.pt\/en\/wp-json\/wp\/v2\/types\/post"}],"author":[{"embeddable":true,"href":"https:\/\/jlegal.pt\/en\/wp-json\/wp\/v2\/users\/2"}],"replies":[{"embeddable":true,"href":"https:\/\/jlegal.pt\/en\/wp-json\/wp\/v2\/comments?post=8576"}],"version-history":[{"count":3,"href":"https:\/\/jlegal.pt\/en\/wp-json\/wp\/v2\/posts\/8576\/revisions"}],"predecessor-version":[{"id":8755,"href":"https:\/\/jlegal.pt\/en\/wp-json\/wp\/v2\/posts\/8576\/revisions\/8755"}],"wp:featuredmedia":[{"embeddable":true,"href":"https:\/\/jlegal.pt\/en\/wp-json\/wp\/v2\/media\/8607"}],"wp:attachment":[{"href":"https:\/\/jlegal.pt\/en\/wp-json\/wp\/v2\/media?parent=8576"}],"wp:term":[{"taxonomy":"category","embeddable":true,"href":"https:\/\/jlegal.pt\/en\/wp-json\/wp\/v2\/categories?post=8576"},{"taxonomy":"post_tag","embeddable":true,"href":"https:\/\/jlegal.pt\/en\/wp-json\/wp\/v2\/tags?post=8576"}],"curies":[{"name":"wp","href":"https:\/\/api.w.org\/{rel}","templated":true}]}}