{"id":8578,"date":"2022-09-12T14:10:30","date_gmt":"2022-09-12T18:10:30","guid":{"rendered":"https:\/\/jlegal.pt\/teste\/?p=8578"},"modified":"2022-10-12T06:49:31","modified_gmt":"2022-10-12T10:49:31","slug":"jlegal-assessora-ghp-na-venda-da-hr-a-autohellas","status":"publish","type":"post","link":"https:\/\/jlegal.pt\/en\/jlegal-assessora-ghp-na-venda-da-hr-a-autohellas\/","title":{"rendered":"J+Legal assessora GHP na venda da HR \u00e0 Autohellas"},"content":{"rendered":"<p><a role=\"button\" href=\"https:\/\/jlegal.pt\/en\/news\/\">Go back<br \/>\n<\/a><\/p>\n<h1 class=\"elementor-heading-title elementor-size-default\">J+Legal assessora GHP na venda da HR \u00e0 Autohellas<\/h1>\n<h2>3 de agosto 2022<\/h2>\n<p><span class=\"s1\">A J+Legal Sociedade de Advogados, assessorou a venda de um total de 90% do capital social da HR Aluguer de Autom\u00f3veis S.A., franchise da Hertz Internacional em Portugal \u00e0 sociedade cotada grega Autohellas como ontem esta anunciou ao mercado \u2013 https:\/\/lnkd.in\/dx6murze.<\/span><\/p>\n<p class=\"p1\"><span class=\"s1\">A equipa multidisciplinar foi liderada por\u00a0<a href=\"https:\/\/jlegal.pt\/pt\/jorge-brito-pereira\/\" target=\"_blank\" rel=\"noopener\"><b>Jorge Brito Pereira<\/b><\/a>\u00a0e\u00a0<a href=\"https:\/\/jlegal.pt\/pt\/jaime-carvalho-esteves\/\" target=\"_blank\" rel=\"noopener\"><b>Jaime Carvalho Esteves<\/b><\/a>, s\u00f3cios da J+Legal, e por\u00a0<\/span><span class=\"s1\"><a href=\"https:\/\/jlegal.pt\/pt\/jrui-bello-da-silva\/\" target=\"_blank\" rel=\"noopener\"><b>Rui Bello da Silva<\/b><\/a>, associado s\u00e9nior, contando ainda com a contribui\u00e7\u00e3o de\u00a0<a href=\"https:\/\/jlegal.pt\/pt\/jcarolina-serrano-correia\/\" target=\"_blank\" rel=\"noopener\"><b>Carolina Serrano Correia<\/b><\/a>, advogada-estagi\u00e1ria.<\/span><span class=\"apple-converted-space\">\u00a0<\/span><\/p>\n<p class=\"p1\"><span class=\"s1\">A transa\u00e7\u00e3o, assume-se como uma das maiores transa\u00e7\u00f5es de M&amp;A dos \u00faltimos meses em Portugal, e representa o investimento claro no setor de transportes em Portugal, por um dos maiores grupos econ\u00f3micos do sul da Europa.<\/span><\/p>\n<p><a href=\"https:\/\/www.autohellas.gr\/en\/announcement-for-the-acquisition-of-hr-automoveis\/\" target=\"_blank\" rel=\"noopener\"><b>Leia a not\u00edcia aqui.<\/b><\/a><\/p>","protected":false},"excerpt":{"rendered":"<p>J+Legal assessora GHP na venda da HR \u00e0 Autohellas<\/p>","protected":false},"author":2,"featured_media":8611,"comment_status":"open","ping_status":"open","sticky":false,"template":"","format":"standard","meta":{"footnotes":""},"categories":[5],"tags":[],"class_list":["post-8578","post","type-post","status-publish","format-standard","has-post-thumbnail","hentry","category-noticias"],"aioseo_notices":[],"acf":[],"_links":{"self":[{"href":"https:\/\/jlegal.pt\/en\/wp-json\/wp\/v2\/posts\/8578","targetHints":{"allow":["GET"]}}],"collection":[{"href":"https:\/\/jlegal.pt\/en\/wp-json\/wp\/v2\/posts"}],"about":[{"href":"https:\/\/jlegal.pt\/en\/wp-json\/wp\/v2\/types\/post"}],"author":[{"embeddable":true,"href":"https:\/\/jlegal.pt\/en\/wp-json\/wp\/v2\/users\/2"}],"replies":[{"embeddable":true,"href":"https:\/\/jlegal.pt\/en\/wp-json\/wp\/v2\/comments?post=8578"}],"version-history":[{"count":2,"href":"https:\/\/jlegal.pt\/en\/wp-json\/wp\/v2\/posts\/8578\/revisions"}],"predecessor-version":[{"id":8753,"href":"https:\/\/jlegal.pt\/en\/wp-json\/wp\/v2\/posts\/8578\/revisions\/8753"}],"wp:featuredmedia":[{"embeddable":true,"href":"https:\/\/jlegal.pt\/en\/wp-json\/wp\/v2\/media\/8611"}],"wp:attachment":[{"href":"https:\/\/jlegal.pt\/en\/wp-json\/wp\/v2\/media?parent=8578"}],"wp:term":[{"taxonomy":"category","embeddable":true,"href":"https:\/\/jlegal.pt\/en\/wp-json\/wp\/v2\/categories?post=8578"},{"taxonomy":"post_tag","embeddable":true,"href":"https:\/\/jlegal.pt\/en\/wp-json\/wp\/v2\/tags?post=8578"}],"curies":[{"name":"wp","href":"https:\/\/api.w.org\/{rel}","templated":true}]}}