{"id":8580,"date":"2022-09-12T14:11:24","date_gmt":"2022-09-12T18:11:24","guid":{"rendered":"https:\/\/jlegal.pt\/teste\/?p=8580"},"modified":"2022-10-12T06:49:17","modified_gmt":"2022-10-12T10:49:17","slug":"jorge-brito-pereira-no-jornal-de-negocios","status":"publish","type":"post","link":"https:\/\/jlegal.pt\/en\/jorge-brito-pereira-no-jornal-de-negocios\/","title":{"rendered":"Jorge Brito Pereira no Jornal de Neg\u00f3cios"},"content":{"rendered":"<p><a role=\"button\" href=\"https:\/\/jlegal.pt\/en\/news\/\">Go back<br \/>\n<\/a><\/p>\n<h1 class=\"elementor-heading-title elementor-size-default\">Jorge Brito Pereira no Jornal de Neg\u00f3cios<\/h1>\n<h2>4 de agosto 2022<\/h2>\n<p>O s\u00f3cio da J+Legal faz um bala\u00e7o positivo da atividade da sociedade nos primeiros seis meses do ano, apesar da conjuntura adversa que se vive, com a guerra na Ucr\u00e2nia e a infla\u00e7\u00e3o em alta. \u201c<em>O primeiro semestre foi de grande intensidade na J+Legal. O mercado de M&amp;A esteve particularmente ativo e foram v\u00e1rias as transa\u00e7\u00f5es significativas que fech\u00e1mos. Destaque ainda para as \u00e1reas de litigation e de tax que tiveram um semestre excelente. S\u00e3o de facto complicados e conturbados os tempos que vivemos, mas essa complexidade n\u00e3o se tem feito sentir de modo marcado na pr\u00e1tica da advocacia. O que ocorre \u00e9 que o mercado muda, as geografias investidoras mudam e, nessa medida, temos de nos adaptar \u00e0s novas din\u00e2micas\u201d.<\/em><\/p>\n<p><a href=\"https:\/\/www.jornaldenegocios.pt\/economia\/justica\/lex\/detalhe\/balanco-ao-primeiro-semestre-de-2022-apoio-juridico-a-empresas-regista-crescimento-mesmo-com-conjuntura-adversa\" target=\"_blank\" rel=\"noopener\"><b>Leia a not\u00edcia aqui.<\/b><\/a><\/p>","protected":false},"excerpt":{"rendered":"<p>Jorge Brito Pereira no Jornal de Neg\u00f3cios<\/p>","protected":false},"author":2,"featured_media":8612,"comment_status":"open","ping_status":"open","sticky":false,"template":"","format":"standard","meta":{"footnotes":""},"categories":[5],"tags":[],"class_list":["post-8580","post","type-post","status-publish","format-standard","has-post-thumbnail","hentry","category-noticias"],"aioseo_notices":[],"acf":[],"_links":{"self":[{"href":"https:\/\/jlegal.pt\/en\/wp-json\/wp\/v2\/posts\/8580","targetHints":{"allow":["GET"]}}],"collection":[{"href":"https:\/\/jlegal.pt\/en\/wp-json\/wp\/v2\/posts"}],"about":[{"href":"https:\/\/jlegal.pt\/en\/wp-json\/wp\/v2\/types\/post"}],"author":[{"embeddable":true,"href":"https:\/\/jlegal.pt\/en\/wp-json\/wp\/v2\/users\/2"}],"replies":[{"embeddable":true,"href":"https:\/\/jlegal.pt\/en\/wp-json\/wp\/v2\/comments?post=8580"}],"version-history":[{"count":2,"href":"https:\/\/jlegal.pt\/en\/wp-json\/wp\/v2\/posts\/8580\/revisions"}],"predecessor-version":[{"id":8752,"href":"https:\/\/jlegal.pt\/en\/wp-json\/wp\/v2\/posts\/8580\/revisions\/8752"}],"wp:featuredmedia":[{"embeddable":true,"href":"https:\/\/jlegal.pt\/en\/wp-json\/wp\/v2\/media\/8612"}],"wp:attachment":[{"href":"https:\/\/jlegal.pt\/en\/wp-json\/wp\/v2\/media?parent=8580"}],"wp:term":[{"taxonomy":"category","embeddable":true,"href":"https:\/\/jlegal.pt\/en\/wp-json\/wp\/v2\/categories?post=8580"},{"taxonomy":"post_tag","embeddable":true,"href":"https:\/\/jlegal.pt\/en\/wp-json\/wp\/v2\/tags?post=8580"}],"curies":[{"name":"wp","href":"https:\/\/api.w.org\/{rel}","templated":true}]}}