{"id":8582,"date":"2022-09-12T14:12:10","date_gmt":"2022-09-12T18:12:10","guid":{"rendered":"https:\/\/jlegal.pt\/teste\/?p=8582"},"modified":"2022-10-12T06:49:02","modified_gmt":"2022-10-12T10:49:02","slug":"jlegal-promove-joao-leite-de-carvalho-a-associado","status":"publish","type":"post","link":"https:\/\/jlegal.pt\/en\/jlegal-promove-joao-leite-de-carvalho-a-associado\/","title":{"rendered":"J+Legal promove Jo\u00e3o Leite de Carvalho a Associado"},"content":{"rendered":"<p><a role=\"button\" href=\"https:\/\/jlegal.pt\/en\/news\/\">Go back<br \/>\n<\/a><\/p>\n<h1 class=\"elementor-heading-title elementor-size-default\">J+Legal promove Jo\u00e3o Leite de Carvalho a Associado<\/h1>\n<h2>10 de agosto 2022<\/h2>\n<p>Ontem foi um dia feliz porque o\u00a0<a href=\"https:\/\/jlegal.pt\/pt\/jjoao-leite-de-carvalho\/\" target=\"_blank\" rel=\"noopener\">Jo\u00e3o Leite Carvalho<\/a> agregou \u00e0 Ordem dos Advogados, sendo assim o primeiro Advogado-estagi\u00e1rio que completa o seu est\u00e1gio na\u00a0<b>J+Legal<\/b>, passando a integrar o escrit\u00f3rio como Associado e ficando encarregue do nosso projeto\u00a0<b>J+Next<\/b>, que ser\u00e1 formalmente anunciado no \u00faltimo trimestre. Temos para n\u00f3s como certo que, de todas as responsabilidades e ambi\u00e7\u00f5es que canalizamos para o projeto da<b>\u00a0J+Legal<\/b>, nenhuma \u00e9 mais importante que a forma\u00e7\u00e3o dos nossos jovens Advogados. Investimos muito esfor\u00e7o nessa responsabilidade, sempre procurando que o per\u00edodo do Est\u00e1gio seja, simultaneamente, uma fase de grande aprendizagem, mas tamb\u00e9m de equil\u00edbrio na vida dos nossos jovens Advogados. Por tudo isto, n\u00e3o pod\u00edamos ter melhor estreia que o Jo\u00e3o! Muitas felicidades neste cap\u00edtulo novo que se abre, \u00e9 que o que lhe desejamos. J+Legal<\/p>","protected":false},"excerpt":{"rendered":"<p>J+Legal promove Jo\u00e3o Leite de Carvalho a Associado<\/p>","protected":false},"author":2,"featured_media":8605,"comment_status":"open","ping_status":"open","sticky":false,"template":"","format":"standard","meta":{"footnotes":""},"categories":[5],"tags":[],"class_list":["post-8582","post","type-post","status-publish","format-standard","has-post-thumbnail","hentry","category-noticias"],"aioseo_notices":[],"acf":[],"_links":{"self":[{"href":"https:\/\/jlegal.pt\/en\/wp-json\/wp\/v2\/posts\/8582","targetHints":{"allow":["GET"]}}],"collection":[{"href":"https:\/\/jlegal.pt\/en\/wp-json\/wp\/v2\/posts"}],"about":[{"href":"https:\/\/jlegal.pt\/en\/wp-json\/wp\/v2\/types\/post"}],"author":[{"embeddable":true,"href":"https:\/\/jlegal.pt\/en\/wp-json\/wp\/v2\/users\/2"}],"replies":[{"embeddable":true,"href":"https:\/\/jlegal.pt\/en\/wp-json\/wp\/v2\/comments?post=8582"}],"version-history":[{"count":4,"href":"https:\/\/jlegal.pt\/en\/wp-json\/wp\/v2\/posts\/8582\/revisions"}],"predecessor-version":[{"id":8751,"href":"https:\/\/jlegal.pt\/en\/wp-json\/wp\/v2\/posts\/8582\/revisions\/8751"}],"wp:featuredmedia":[{"embeddable":true,"href":"https:\/\/jlegal.pt\/en\/wp-json\/wp\/v2\/media\/8605"}],"wp:attachment":[{"href":"https:\/\/jlegal.pt\/en\/wp-json\/wp\/v2\/media?parent=8582"}],"wp:term":[{"taxonomy":"category","embeddable":true,"href":"https:\/\/jlegal.pt\/en\/wp-json\/wp\/v2\/categories?post=8582"},{"taxonomy":"post_tag","embeddable":true,"href":"https:\/\/jlegal.pt\/en\/wp-json\/wp\/v2\/tags?post=8582"}],"curies":[{"name":"wp","href":"https:\/\/api.w.org\/{rel}","templated":true}]}}