{"id":8584,"date":"2022-09-12T14:13:18","date_gmt":"2022-09-12T18:13:18","guid":{"rendered":"https:\/\/jlegal.pt\/teste\/?p=8584"},"modified":"2022-10-12T06:48:40","modified_gmt":"2022-10-12T10:48:40","slug":"jaime-carvalho-esteves-socio-de-tax-e-private-clients-da-jlegal-para-o-jornal-economico","status":"publish","type":"post","link":"https:\/\/jlegal.pt\/en\/jaime-carvalho-esteves-socio-de-tax-e-private-clients-da-jlegal-para-o-jornal-economico\/","title":{"rendered":"Jaime Carvalho Esteves, s\u00f3cio de Tax e Private Clients da J+Legal, para o Jornal Econ\u00f3mico"},"content":{"rendered":"<p><a role=\"button\" href=\"https:\/\/jlegal.pt\/en\/news\/\">Go back<br \/>\n<\/a><\/p>\n<h1 class=\"elementor-heading-title elementor-size-default\">Jaime Carvalho Esteves, s\u00f3cio de Tax e Private Clients da J+Legal, para o Jornal Econ\u00f3mico sobre os riscos da taxa sobre lucros excessivos no setor da energia<\/h1>\n<h2>12 de agosto 2022<\/h2>\n<p><a href=\"https:\/\/jlegal.pt\/pt\/jaime-carvalho-esteves\/\" target=\"_blank\" rel=\"noopener\"><b>Jaime Carvalho Esteves<\/b><\/a>, s\u00f3cio de Tax e Private Clients da\u00a0<strong>A J+Legal<\/strong>, salienta em artigo publicado no Jornal Econ\u00f3mico que, \u201cde modo geral, n\u00e3o faz sentido ter progressividade nos impostos aplicados \u00e0s empresas, nem aplicar taxas apenas a determinados setores, uma vez que tal poderia ser discriminat\u00f3rio\u201d, adiantando que o sistema portugu\u00eas \u201cpadece de ambos os problemas\u201d.<\/p>\n<p>Acrescenta ainda que a cria\u00e7\u00e3o de uma nova taxa refletiria um agravar da situa\u00e7\u00e3o.<\/p>","protected":false},"excerpt":{"rendered":"<p>Jaime Carvalho Esteves, s\u00f3cio de Tax e Private Clients da J+Legal, para o Jornal Econ\u00f3mico sobre os riscos da taxa sobre lucros excessivos no setor da energia<\/p>","protected":false},"author":2,"featured_media":8606,"comment_status":"open","ping_status":"open","sticky":false,"template":"","format":"standard","meta":{"footnotes":""},"categories":[5],"tags":[],"class_list":["post-8584","post","type-post","status-publish","format-standard","has-post-thumbnail","hentry","category-noticias"],"aioseo_notices":[],"acf":[],"_links":{"self":[{"href":"https:\/\/jlegal.pt\/en\/wp-json\/wp\/v2\/posts\/8584","targetHints":{"allow":["GET"]}}],"collection":[{"href":"https:\/\/jlegal.pt\/en\/wp-json\/wp\/v2\/posts"}],"about":[{"href":"https:\/\/jlegal.pt\/en\/wp-json\/wp\/v2\/types\/post"}],"author":[{"embeddable":true,"href":"https:\/\/jlegal.pt\/en\/wp-json\/wp\/v2\/users\/2"}],"replies":[{"embeddable":true,"href":"https:\/\/jlegal.pt\/en\/wp-json\/wp\/v2\/comments?post=8584"}],"version-history":[{"count":2,"href":"https:\/\/jlegal.pt\/en\/wp-json\/wp\/v2\/posts\/8584\/revisions"}],"predecessor-version":[{"id":8749,"href":"https:\/\/jlegal.pt\/en\/wp-json\/wp\/v2\/posts\/8584\/revisions\/8749"}],"wp:featuredmedia":[{"embeddable":true,"href":"https:\/\/jlegal.pt\/en\/wp-json\/wp\/v2\/media\/8606"}],"wp:attachment":[{"href":"https:\/\/jlegal.pt\/en\/wp-json\/wp\/v2\/media?parent=8584"}],"wp:term":[{"taxonomy":"category","embeddable":true,"href":"https:\/\/jlegal.pt\/en\/wp-json\/wp\/v2\/categories?post=8584"},{"taxonomy":"post_tag","embeddable":true,"href":"https:\/\/jlegal.pt\/en\/wp-json\/wp\/v2\/tags?post=8584"}],"curies":[{"name":"wp","href":"https:\/\/api.w.org\/{rel}","templated":true}]}}