{"id":8591,"date":"2022-09-12T14:15:51","date_gmt":"2022-09-12T18:15:51","guid":{"rendered":"https:\/\/jlegal.pt\/teste\/?p=8591"},"modified":"2022-10-12T06:47:59","modified_gmt":"2022-10-12T10:47:59","slug":"jose-diogo-horta-osorio-socio-na-jlegal-mantem-o-seu-posicionamento-como-advogado-higly-regarded-nas-areas-de-private-equity-e-de-ma-no-leading-lawyers-2022","status":"publish","type":"post","link":"https:\/\/jlegal.pt\/en\/jose-diogo-horta-osorio-socio-na-jlegal-mantem-o-seu-posicionamento-como-advogado-higly-regarded-nas-areas-de-private-equity-e-de-ma-no-leading-lawyers-2022\/","title":{"rendered":"Jos\u00e9 Diogo Horta Os\u00f3rio, s\u00f3cio na J+Legal, mant\u00e9m o seu posicionamento como advogado Higly Regarded, nas \u00e1reas de Private Equity e de M&#038;A no Leading Lawyers 2022"},"content":{"rendered":"<p><a role=\"button\" href=\"https:\/\/jlegal.pt\/en\/news\/\">Go back<br \/>\n<\/a><\/p>\n<h1 class=\"elementor-heading-title elementor-size-default\">Jos\u00e9 Diogo Horta Os\u00f3rio, s\u00f3cio na J+Legal, mant\u00e9m o seu posicionamento como advogado Higly Regarded, nas \u00e1reas de Private Equity e de M&amp;A no Leading Lawyers 2022<\/h1>\n<h2>7 de setembro 2022<b><\/b><\/h2>\n<p><a href=\"https:\/\/jlegal.pt\/pt\/jose-diogo-horta-osorio\/\" target=\"_blank\" rel=\"noopener\"><strong>J<\/strong><b>os\u00e9 Diogo Horta Os\u00f3rio<\/b><\/a>, s\u00f3cio na\u00a0<b>A J+Legal<\/b>, mant\u00e9m o seu posicionamento como advogado\u00a0<em>Higly Regarded<\/em>, uma das mais altas nomea\u00e7\u00f5es, nas \u00e1reas de\u00a0<i>Private Equity<\/i>\u00a0e de\u00a0<i>M&amp;A<\/i>, mais especificamente nos sectores da energia e dos transportes, no\u00a0<b>Leading Lawyers 2022<\/b>. Este diret\u00f3rio jur\u00eddico internacional \u00e9 publicado pela\u00a0<b>IFLR 1000<\/b>, e dedica-se a classificar sociedades de advocacia e advogados com base no trabalho transacional financeiro e corporativo.<\/p>\n<p>Parab\u00e9ns, Diogo.<\/p>\n<p><a href=\"https:\/\/www.iflr1000.com\/Stub\/NewGlobalRankingsLawyers?utm_medium=email+marketing&amp;utm_source=stripo&amp;utm_campaign=iflr1000_leadinglawyers+launch_2022-05-25&amp;utm_content=textlink&amp;utm_term=universe&amp;utm_campaign=IFLR1000%20Leading%20Lawyers%20Launch%202022&amp;utm_source=IFLR1000&amp;utm_medium=email+editorial&amp;utm_term=alt&amp;utm_content=Editorial\" target=\"_blank\" rel=\"noopener\"><b>Consulte o ranking aqui.<\/b><\/a><\/p>","protected":false},"excerpt":{"rendered":"<p>Jos\u00e9 Diogo Horta Os\u00f3rio, s\u00f3cio na J+Legal, mant\u00e9m o seu posicionamento como advogado Higly Regarded, nas \u00e1reas de Private Equity e de M&#038;A no Leading Lawyers 2022<\/p>","protected":false},"author":2,"featured_media":8613,"comment_status":"open","ping_status":"open","sticky":false,"template":"","format":"standard","meta":{"footnotes":""},"categories":[5],"tags":[],"class_list":["post-8591","post","type-post","status-publish","format-standard","has-post-thumbnail","hentry","category-noticias"],"aioseo_notices":[],"acf":[],"_links":{"self":[{"href":"https:\/\/jlegal.pt\/en\/wp-json\/wp\/v2\/posts\/8591","targetHints":{"allow":["GET"]}}],"collection":[{"href":"https:\/\/jlegal.pt\/en\/wp-json\/wp\/v2\/posts"}],"about":[{"href":"https:\/\/jlegal.pt\/en\/wp-json\/wp\/v2\/types\/post"}],"author":[{"embeddable":true,"href":"https:\/\/jlegal.pt\/en\/wp-json\/wp\/v2\/users\/2"}],"replies":[{"embeddable":true,"href":"https:\/\/jlegal.pt\/en\/wp-json\/wp\/v2\/comments?post=8591"}],"version-history":[{"count":3,"href":"https:\/\/jlegal.pt\/en\/wp-json\/wp\/v2\/posts\/8591\/revisions"}],"predecessor-version":[{"id":8746,"href":"https:\/\/jlegal.pt\/en\/wp-json\/wp\/v2\/posts\/8591\/revisions\/8746"}],"wp:featuredmedia":[{"embeddable":true,"href":"https:\/\/jlegal.pt\/en\/wp-json\/wp\/v2\/media\/8613"}],"wp:attachment":[{"href":"https:\/\/jlegal.pt\/en\/wp-json\/wp\/v2\/media?parent=8591"}],"wp:term":[{"taxonomy":"category","embeddable":true,"href":"https:\/\/jlegal.pt\/en\/wp-json\/wp\/v2\/categories?post=8591"},{"taxonomy":"post_tag","embeddable":true,"href":"https:\/\/jlegal.pt\/en\/wp-json\/wp\/v2\/tags?post=8591"}],"curies":[{"name":"wp","href":"https:\/\/api.w.org\/{rel}","templated":true}]}}