{"id":8594,"date":"2022-09-12T14:16:33","date_gmt":"2022-09-12T18:16:33","guid":{"rendered":"https:\/\/jlegal.pt\/teste\/?p=8594"},"modified":"2022-10-12T06:47:45","modified_gmt":"2022-10-12T10:47:45","slug":"jaime-carvalho-esteves-socio-de-tax-e-private-clients-da-jlegal-convidado-pela-cnn-portugal-a-explicar-as-mais-recentes-medidas-de-combate-a-inflacao-apresentadas-pelo-governo","status":"publish","type":"post","link":"https:\/\/jlegal.pt\/en\/jaime-carvalho-esteves-socio-de-tax-e-private-clients-da-jlegal-convidado-pela-cnn-portugal-a-explicar-as-mais-recentes-medidas-de-combate-a-inflacao-apresentadas-pelo-governo\/","title":{"rendered":"Jaime Carvalho Esteves, s\u00f3cio de Tax e Private Clients da J+Legal, convidado pela CNN Portugal a explicar as mais recentes medidas de combate \u00e0 infla\u00e7\u00e3o apresentadas pelo Governo"},"content":{"rendered":"<p><a role=\"button\" href=\"https:\/\/jlegal.pt\/en\/news\/\">Go back<br \/>\n<\/a><\/p>\n<h1 class=\"elementor-heading-title elementor-size-default\">Jaime Carvalho Esteves, s\u00f3cio de Tax e Private Clients da J+Legal, convidado pela CNN Portugal a explicar as mais recentes medidas de combate \u00e0 infla\u00e7\u00e3o apresentadas pelo Governo<\/h1>\n<h2>8 de setembro 2022<b><\/b><\/h2>\n<p><a href=\"https:\/\/jlegal.pt\/pt\/jaime-carvalho-esteves\/\" target=\"_blank\" rel=\"noopener\"><b>Jaime Carvalho Esteves<\/b><\/a>, s\u00f3cio de Tax e Private Clients da\u00a0<strong>A J+Legal<\/strong>, esteve ontem, em direto, na CCN Portugal a analisar e explicar as mais recentes medidas de combate \u00e0 infla\u00e7\u00e3o e apoio \u00e0s fam\u00edlias apresentadas pelo Governo.<\/p>\n<p>As medidas t\u00eam sido alvo bastante pol\u00e9mica, e Jaime faz uma an\u00e1lise \u00e0s mesmas.<\/p>\n<p><a href=\"https:\/\/cnnportugal.iol.pt\/videos\/inflacao-nao-compro-este-pacote-ainda-ninguem-me-disse-como-vai-funcionar\/6318fc670cf26256cd34957c\" target=\"_blank\" rel=\"noopener\"><b>Veja aqui toda a interven\u00e7\u00e3o.<\/b><\/a><\/p>","protected":false},"excerpt":{"rendered":"<p>Jaime Carvalho Esteves, s\u00f3cio de Tax e Private Clients da J+Legal, convidado pela CNN Portugal a explicar as mais recentes medidas de combate \u00e0 infla\u00e7\u00e3o apresentadas pelo Governo<\/p>","protected":false},"author":2,"featured_media":8602,"comment_status":"open","ping_status":"open","sticky":false,"template":"","format":"standard","meta":{"footnotes":""},"categories":[5],"tags":[],"class_list":["post-8594","post","type-post","status-publish","format-standard","has-post-thumbnail","hentry","category-noticias"],"aioseo_notices":[],"acf":[],"_links":{"self":[{"href":"https:\/\/jlegal.pt\/en\/wp-json\/wp\/v2\/posts\/8594","targetHints":{"allow":["GET"]}}],"collection":[{"href":"https:\/\/jlegal.pt\/en\/wp-json\/wp\/v2\/posts"}],"about":[{"href":"https:\/\/jlegal.pt\/en\/wp-json\/wp\/v2\/types\/post"}],"author":[{"embeddable":true,"href":"https:\/\/jlegal.pt\/en\/wp-json\/wp\/v2\/users\/2"}],"replies":[{"embeddable":true,"href":"https:\/\/jlegal.pt\/en\/wp-json\/wp\/v2\/comments?post=8594"}],"version-history":[{"count":3,"href":"https:\/\/jlegal.pt\/en\/wp-json\/wp\/v2\/posts\/8594\/revisions"}],"predecessor-version":[{"id":8745,"href":"https:\/\/jlegal.pt\/en\/wp-json\/wp\/v2\/posts\/8594\/revisions\/8745"}],"wp:featuredmedia":[{"embeddable":true,"href":"https:\/\/jlegal.pt\/en\/wp-json\/wp\/v2\/media\/8602"}],"wp:attachment":[{"href":"https:\/\/jlegal.pt\/en\/wp-json\/wp\/v2\/media?parent=8594"}],"wp:term":[{"taxonomy":"category","embeddable":true,"href":"https:\/\/jlegal.pt\/en\/wp-json\/wp\/v2\/categories?post=8594"},{"taxonomy":"post_tag","embeddable":true,"href":"https:\/\/jlegal.pt\/en\/wp-json\/wp\/v2\/tags?post=8594"}],"curies":[{"name":"wp","href":"https:\/\/api.w.org\/{rel}","templated":true}]}}