{"id":8597,"date":"2022-09-12T14:17:41","date_gmt":"2022-09-12T18:17:41","guid":{"rendered":"https:\/\/jlegal.pt\/teste\/?p=8597"},"modified":"2022-10-12T06:46:47","modified_gmt":"2022-10-12T10:46:47","slug":"jaime-carvalho-esteves-socio-de-tax-e-private-clients-da-jlegal-reconhecido-pelo-diretorio-internacional-itr-world-tax-como-highly-regarded-na-area-de-tax","status":"publish","type":"post","link":"https:\/\/jlegal.pt\/en\/jaime-carvalho-esteves-socio-de-tax-e-private-clients-da-jlegal-reconhecido-pelo-diretorio-internacional-itr-world-tax-como-highly-regarded-na-area-de-tax\/","title":{"rendered":"Jaime Carvalho Esteves, s\u00f3cio de Tax e Private Clients da J+Legal, reconhecido pelo diret\u00f3rio internacional ITR World Tax, como Highly Regarded na \u00e1rea de Tax"},"content":{"rendered":"<p><a role=\"button\" href=\"https:\/\/jlegal.pt\/en\/news\/\">Go back<br \/>\n<\/a><\/p>\n<h1 class=\"elementor-heading-title elementor-size-default\">Jaime Carvalho Esteves, s\u00f3cio de Tax e Private Clients da\u00a0J+Legal, reconhecido pelo diret\u00f3rio internacional ITR World Tax, como Highly Regarded na \u00e1rea de Tax<\/h1>\n<h2>12 de setembro 2022<b><\/b><\/h2>\n<p><a href=\"https:\/\/jlegal.pt\/pt\/jaime-carvalho-esteves\/\" target=\"_blank\" rel=\"noopener\"><b>Jaime Carvalho Esteves<\/b><\/a>, s\u00f3cio de Tax e Private Clients da\u00a0<strong>A J+Legal<\/strong>, foi reconhecido pelo diret\u00f3rio internacional ITR World Tax como highly regarded na \u00e1rea de Tax para 2023, tendo sido reconhecido tamb\u00e9m no ranking de 2022.<\/p>\n<p>Parab\u00e9ns, Jaime!<\/p>\n<p><a href=\"https:\/\/itrworldtax.com\/Lawyer\/JCE\/Jaime-Carvalho-Esteves\/Profile\/1109#profile\" target=\"_blank\" rel=\"noopener\"><b>Veja aqui.<\/b><\/a><\/p>","protected":false},"excerpt":{"rendered":"<p>Jaime Carvalho Esteves, s\u00f3cio de Tax e Private Clients da\u00a0J+Legal, reconhecido pelo diret\u00f3rio internacional ITR World Tax, como Highly Regarded na \u00e1rea de Tax<\/p>","protected":false},"author":2,"featured_media":8614,"comment_status":"open","ping_status":"open","sticky":false,"template":"","format":"standard","meta":{"footnotes":""},"categories":[5],"tags":[],"class_list":["post-8597","post","type-post","status-publish","format-standard","has-post-thumbnail","hentry","category-noticias"],"aioseo_notices":[],"acf":[],"_links":{"self":[{"href":"https:\/\/jlegal.pt\/en\/wp-json\/wp\/v2\/posts\/8597","targetHints":{"allow":["GET"]}}],"collection":[{"href":"https:\/\/jlegal.pt\/en\/wp-json\/wp\/v2\/posts"}],"about":[{"href":"https:\/\/jlegal.pt\/en\/wp-json\/wp\/v2\/types\/post"}],"author":[{"embeddable":true,"href":"https:\/\/jlegal.pt\/en\/wp-json\/wp\/v2\/users\/2"}],"replies":[{"embeddable":true,"href":"https:\/\/jlegal.pt\/en\/wp-json\/wp\/v2\/comments?post=8597"}],"version-history":[{"count":3,"href":"https:\/\/jlegal.pt\/en\/wp-json\/wp\/v2\/posts\/8597\/revisions"}],"predecessor-version":[{"id":8744,"href":"https:\/\/jlegal.pt\/en\/wp-json\/wp\/v2\/posts\/8597\/revisions\/8744"}],"wp:featuredmedia":[{"embeddable":true,"href":"https:\/\/jlegal.pt\/en\/wp-json\/wp\/v2\/media\/8614"}],"wp:attachment":[{"href":"https:\/\/jlegal.pt\/en\/wp-json\/wp\/v2\/media?parent=8597"}],"wp:term":[{"taxonomy":"category","embeddable":true,"href":"https:\/\/jlegal.pt\/en\/wp-json\/wp\/v2\/categories?post=8597"},{"taxonomy":"post_tag","embeddable":true,"href":"https:\/\/jlegal.pt\/en\/wp-json\/wp\/v2\/tags?post=8597"}],"curies":[{"name":"wp","href":"https:\/\/api.w.org\/{rel}","templated":true}]}}