{"id":8736,"date":"2022-10-11T09:49:55","date_gmt":"2022-10-11T13:49:55","guid":{"rendered":"https:\/\/jlegal.pt\/?p=8736"},"modified":"2022-10-11T10:32:37","modified_gmt":"2022-10-11T14:32:37","slug":"nunca-a-jlegal-chegou-tao-alto","status":"publish","type":"post","link":"https:\/\/jlegal.pt\/en\/nunca-a-jlegal-chegou-tao-alto\/","title":{"rendered":"Nunca a J+Legal chegou t\u00e3o alto"},"content":{"rendered":"<p><a role=\"button\" href=\"https:\/\/jlegal.pt\/en\/news\/\">Go back<br \/>\n<\/a><\/p>\n<h1 class=\"elementor-heading-title elementor-size-default\">Nunca a J+Legal chegou t\u00e3o alto<\/h1>\n<h2>11 de outubro 2022<b><\/b><\/h2>\n<p>Na madrugada de quarta-feira da semana passada, depois de quatro dias de montanha e de uma longa caminhada de quase 9 horas, com uma subida de 1.200 metros e uma temperatura inferior a -10 graus, o <a href=\"https:\/\/jlegal.pt\/en\/equipa\/jorge-brito-pereira\/\"><strong>Jorge Brito Pereira<\/strong><\/a> e o <strong><a href=\"https:\/\/jlegal.pt\/en\/equipa\/rui-bello-da-silva\/\">Rui Bello da Silva<\/a>\u00a0<\/strong>chegaram ao Uhuro Peak no Mt. Kilimanjaro que, nos 5.892 metros sobre o n\u00edvel do mar, \u00e9 o ponto mais alto de \u00c1frica. Foi, claro, um momento de supera\u00e7\u00e3o f\u00edsica e psicol\u00f3gica que nos orgulha a todos na <strong>J+Legal<\/strong>. Mas foi bem mais que isso. Foi o culminar de um projeto de equipa que nos envolveu a todos e que passou pelo merit\u00f3rio apoio \u00e0 <strong>Associa\u00e7\u00e3o Salvador<\/strong>. Foi uma experi\u00eancia humanamente fascinante que todos partilh\u00e1mos. E foi um momento para, com grande orgulho, vermos a jovem bandeira da\u00a0<strong>J+Legal\u00a0<\/strong>num dos\u00a0<em>seven peaks<\/em>. Nunca estivemos t\u00e3o alto. Mas garantimos que nos vamos esfor\u00e7ar para chegar ainda mais alto.<\/p>","protected":false},"excerpt":{"rendered":"<p>Na madrugada de quarta-feira da semana passada, depois de quatro dias de montanha e de uma longa caminhada de quase 9 horas, com uma subida de 1.200 metros e uma longa caminhada de quase 9 horas, com uma subida de 1.200 metros e uma temperatura inferior a -10 graus, o Jorge Brito Pereira e o Rui Bello da Silva\u00a0chegaram ao Uhuro Peak no Mt. Kilimanjaro<\/p>","protected":false},"author":1,"featured_media":8737,"comment_status":"open","ping_status":"open","sticky":false,"template":"","format":"standard","meta":{"footnotes":""},"categories":[5],"tags":[],"class_list":["post-8736","post","type-post","status-publish","format-standard","has-post-thumbnail","hentry","category-noticias"],"aioseo_notices":[],"acf":[],"_links":{"self":[{"href":"https:\/\/jlegal.pt\/en\/wp-json\/wp\/v2\/posts\/8736","targetHints":{"allow":["GET"]}}],"collection":[{"href":"https:\/\/jlegal.pt\/en\/wp-json\/wp\/v2\/posts"}],"about":[{"href":"https:\/\/jlegal.pt\/en\/wp-json\/wp\/v2\/types\/post"}],"author":[{"embeddable":true,"href":"https:\/\/jlegal.pt\/en\/wp-json\/wp\/v2\/users\/1"}],"replies":[{"embeddable":true,"href":"https:\/\/jlegal.pt\/en\/wp-json\/wp\/v2\/comments?post=8736"}],"version-history":[{"count":4,"href":"https:\/\/jlegal.pt\/en\/wp-json\/wp\/v2\/posts\/8736\/revisions"}],"predecessor-version":[{"id":8741,"href":"https:\/\/jlegal.pt\/en\/wp-json\/wp\/v2\/posts\/8736\/revisions\/8741"}],"wp:featuredmedia":[{"embeddable":true,"href":"https:\/\/jlegal.pt\/en\/wp-json\/wp\/v2\/media\/8737"}],"wp:attachment":[{"href":"https:\/\/jlegal.pt\/en\/wp-json\/wp\/v2\/media?parent=8736"}],"wp:term":[{"taxonomy":"category","embeddable":true,"href":"https:\/\/jlegal.pt\/en\/wp-json\/wp\/v2\/categories?post=8736"},{"taxonomy":"post_tag","embeddable":true,"href":"https:\/\/jlegal.pt\/en\/wp-json\/wp\/v2\/tags?post=8736"}],"curies":[{"name":"wp","href":"https:\/\/api.w.org\/{rel}","templated":true}]}}