{"id":8778,"date":"2022-10-17T06:03:49","date_gmt":"2022-10-17T10:03:49","guid":{"rendered":"https:\/\/jlegal.pt\/?p=8778"},"modified":"2022-10-17T06:03:58","modified_gmt":"2022-10-17T10:03:58","slug":"newsletter-compliance-a-venda-de-bens-com-prejuizo-pratica-desleal-o-acordao-do-tjue-de-19-de-outubro-de-2017-e-a-diretiva-2005-29-ce-2","status":"publish","type":"post","link":"https:\/\/jlegal.pt\/en\/newsletter-compliance-a-venda-de-bens-com-prejuizo-pratica-desleal-o-acordao-do-tjue-de-19-de-outubro-de-2017-e-a-diretiva-2005-29-ce-2\/","title":{"rendered":"NEWSLETTER &#8211; Tax and Private Clients &#8211; An\u00e1lise \u00e0 proposta de lei do Or\u00e7amento de Estado de 2023"},"content":{"rendered":"<p><img loading=\"lazy\" decoding=\"async\" src=\"https:\/\/jlegal.pt\/wp-content\/uploads\/2021\/04\/Screenshot-2021-04-02-at-12.01.21.png\" sizes=\"auto, (max-width: 1842px) 100vw, 1842px\" srcset=\"https:\/\/i0.wp.com\/jlegal.pt\/wp-content\/uploads\/2021\/04\/Screenshot-2021-04-02-at-12.01.21.png?w=1842&amp;ssl=1 1842w, https:\/\/i0.wp.com\/jlegal.pt\/wp-content\/uploads\/2021\/04\/Screenshot-2021-04-02-at-12.01.21.png?resize=300%2C98&amp;ssl=1 300w, https:\/\/i0.wp.com\/jlegal.pt\/wp-content\/uploads\/2021\/04\/Screenshot-2021-04-02-at-12.01.21.png?resize=1024%2C334&amp;ssl=1 1024w, https:\/\/i0.wp.com\/jlegal.pt\/wp-content\/uploads\/2021\/04\/Screenshot-2021-04-02-at-12.01.21.png?resize=768%2C250&amp;ssl=1 768w, https:\/\/i0.wp.com\/jlegal.pt\/wp-content\/uploads\/2021\/04\/Screenshot-2021-04-02-at-12.01.21.png?resize=1536%2C500&amp;ssl=1 1536w, https:\/\/i0.wp.com\/jlegal.pt\/wp-content\/uploads\/2021\/04\/Screenshot-2021-04-02-at-12.01.21.png?resize=16%2C5&amp;ssl=1 16w\" alt=\"\" width=\"1842\" height=\"600\" \/><br \/>\n<a role=\"button\" href=\"https:\/\/jlegal.pt\/en\/news\/\"><br \/>\nGo back<br \/>\n<\/a><\/p>\n<h1><em>NEWSLETTER<\/em> &#8211; <em>Tax and Private Clients<\/em> &#8211; An\u00e1lise \u00e0 proposta de lei do Or\u00e7amento de Estado de 2023<\/h1>\n<h2>17 de outubro 2022<\/h2>\n<p>J+Legal\u00a0<em>Tax <\/em>e\u00a0<em>Private Clients<\/em>, liderada pelo s\u00f3cio respons\u00e1vel pela \u00e1rea, Jaime Carvalho Esteves, preparou uma Newsletter sobre a proposta de Or\u00e7amento de Estado de 2023, com uma an\u00e1lise fiscal detalhada \u00e0 mesma.<\/p>\n<p><a href=\"https:\/\/jlegal.pt\/wp-content\/uploads\/2022\/10\/13.10.2022-OE-2023-FINAL-NL-.pdf\"><strong>Leia e fa\u00e7a download da Newsletter aqui.<\/strong><\/a><\/p>\n<p>&nbsp;<\/p>","protected":false},"excerpt":{"rendered":"<p>NEWSLETTER &#8211; Tax and Private Clients &#8211; An\u00e1lise \u00e0 proposta de lei do Or\u00e7amento de Estado de 2023<\/p>","protected":false},"author":1,"featured_media":8779,"comment_status":"open","ping_status":"open","sticky":false,"template":"","format":"standard","meta":{"footnotes":""},"categories":[6],"tags":[],"class_list":["post-8778","post","type-post","status-publish","format-standard","has-post-thumbnail","hentry","category-publicacoes"],"aioseo_notices":[],"acf":[],"_links":{"self":[{"href":"https:\/\/jlegal.pt\/en\/wp-json\/wp\/v2\/posts\/8778","targetHints":{"allow":["GET"]}}],"collection":[{"href":"https:\/\/jlegal.pt\/en\/wp-json\/wp\/v2\/posts"}],"about":[{"href":"https:\/\/jlegal.pt\/en\/wp-json\/wp\/v2\/types\/post"}],"author":[{"embeddable":true,"href":"https:\/\/jlegal.pt\/en\/wp-json\/wp\/v2\/users\/1"}],"replies":[{"embeddable":true,"href":"https:\/\/jlegal.pt\/en\/wp-json\/wp\/v2\/comments?post=8778"}],"version-history":[{"count":2,"href":"https:\/\/jlegal.pt\/en\/wp-json\/wp\/v2\/posts\/8778\/revisions"}],"predecessor-version":[{"id":8781,"href":"https:\/\/jlegal.pt\/en\/wp-json\/wp\/v2\/posts\/8778\/revisions\/8781"}],"wp:featuredmedia":[{"embeddable":true,"href":"https:\/\/jlegal.pt\/en\/wp-json\/wp\/v2\/media\/8779"}],"wp:attachment":[{"href":"https:\/\/jlegal.pt\/en\/wp-json\/wp\/v2\/media?parent=8778"}],"wp:term":[{"taxonomy":"category","embeddable":true,"href":"https:\/\/jlegal.pt\/en\/wp-json\/wp\/v2\/categories?post=8778"},{"taxonomy":"post_tag","embeddable":true,"href":"https:\/\/jlegal.pt\/en\/wp-json\/wp\/v2\/tags?post=8778"}],"curies":[{"name":"wp","href":"https:\/\/api.w.org\/{rel}","templated":true}]}}