{"id":8782,"date":"2022-10-18T06:09:59","date_gmt":"2022-10-18T10:09:59","guid":{"rendered":"https:\/\/jlegal.pt\/?p=8782"},"modified":"2022-10-18T06:09:59","modified_gmt":"2022-10-18T10:09:59","slug":"jaime-carvalho-esteves-socio-de-tax-e-private-clients-da-jlegal-no-videocast-do-jornal-de-negocios-o-advogado-do-diabo-a-justica-e-os-numeros-comenta-o-oe2023","status":"publish","type":"post","link":"https:\/\/jlegal.pt\/en\/jaime-carvalho-esteves-socio-de-tax-e-private-clients-da-jlegal-no-videocast-do-jornal-de-negocios-o-advogado-do-diabo-a-justica-e-os-numeros-comenta-o-oe2023\/","title":{"rendered":"Jaime Carvalho Esteves, s\u00f3cio de Tax e Private Clients da J+Legal, no Videocast do Jornal de Neg\u00f3cios, &#8220;O Advogado do Diabo &#8211; A Justi\u00e7a e os N\u00fameros&#8221; comenta o OE2023"},"content":{"rendered":"<p><a role=\"button\" href=\"https:\/\/jlegal.pt\/en\/news\/\">Go back<br \/>\n<\/a><\/p>\n<h1 class=\"elementor-heading-title elementor-size-default\">Jaime Carvalho Esteves, s\u00f3cio de Tax e Private Clients da J+Legal, no Videocast do Jornal de Neg\u00f3cios, &#8220;O Advogado do Diabo &#8211; A Justi\u00e7a e os N\u00fameros&#8221; comenta o OE2023<\/h1>\n<h2>18 de outubro 2022<b><\/b><\/h2>\n<p><a href=\"https:\/\/jlegal.pt\/pt\/jaime-carvalho-esteves\/\" target=\"_blank\" rel=\"noopener\"><b>Jaime Carvalho Esteves<\/b><\/a>, s\u00f3cio de <em>Tax<\/em> e <em>Private Clients<\/em> da <strong>J+Legal<\/strong>, \u00e9 o mais recente convidado do <em>videocast<\/em> do <strong>Jornal de Neg\u00f3cios<\/strong>, &#8220;O Advogado do Diabo &#8211; A Justi\u00e7a e os N\u00fameros&#8221; onde comentou a recente proposta do <strong>Or\u00e7amento de Estado de 2023<\/strong>.<\/p>\n<p><a href=\"https:\/\/www.jornaldenegocios.pt\/economia\/detalhe\/advogado-do-diabo-analisa-o-oe-2023#loadComments\"><b>Pode assistir ao epis\u00f3dio do <em>videocast<\/em> aqui.<\/b><\/a><\/p>","protected":false},"excerpt":{"rendered":"<p>Jaime Carvalho Esteves, s\u00f3cio de Tax e Private Clients da J+Legal, no Videocast do Jornal de Neg\u00f3cios, &#8220;O Advogado do Diabo &#8211; A Justi\u00e7a e os N\u00fameros&#8221; comenta o OE2023 <\/p>","protected":false},"author":1,"featured_media":8783,"comment_status":"open","ping_status":"open","sticky":false,"template":"","format":"standard","meta":{"footnotes":""},"categories":[5],"tags":[],"class_list":["post-8782","post","type-post","status-publish","format-standard","has-post-thumbnail","hentry","category-noticias"],"aioseo_notices":[],"acf":[],"_links":{"self":[{"href":"https:\/\/jlegal.pt\/en\/wp-json\/wp\/v2\/posts\/8782","targetHints":{"allow":["GET"]}}],"collection":[{"href":"https:\/\/jlegal.pt\/en\/wp-json\/wp\/v2\/posts"}],"about":[{"href":"https:\/\/jlegal.pt\/en\/wp-json\/wp\/v2\/types\/post"}],"author":[{"embeddable":true,"href":"https:\/\/jlegal.pt\/en\/wp-json\/wp\/v2\/users\/1"}],"replies":[{"embeddable":true,"href":"https:\/\/jlegal.pt\/en\/wp-json\/wp\/v2\/comments?post=8782"}],"version-history":[{"count":2,"href":"https:\/\/jlegal.pt\/en\/wp-json\/wp\/v2\/posts\/8782\/revisions"}],"predecessor-version":[{"id":8785,"href":"https:\/\/jlegal.pt\/en\/wp-json\/wp\/v2\/posts\/8782\/revisions\/8785"}],"wp:featuredmedia":[{"embeddable":true,"href":"https:\/\/jlegal.pt\/en\/wp-json\/wp\/v2\/media\/8783"}],"wp:attachment":[{"href":"https:\/\/jlegal.pt\/en\/wp-json\/wp\/v2\/media?parent=8782"}],"wp:term":[{"taxonomy":"category","embeddable":true,"href":"https:\/\/jlegal.pt\/en\/wp-json\/wp\/v2\/categories?post=8782"},{"taxonomy":"post_tag","embeddable":true,"href":"https:\/\/jlegal.pt\/en\/wp-json\/wp\/v2\/tags?post=8782"}],"curies":[{"name":"wp","href":"https:\/\/api.w.org\/{rel}","templated":true}]}}