{"id":8792,"date":"2022-10-21T06:17:40","date_gmt":"2022-10-21T10:17:40","guid":{"rendered":"https:\/\/jlegal.pt\/?p=8792"},"modified":"2022-10-21T06:21:20","modified_gmt":"2022-10-21T10:21:20","slug":"jaime-carvalho-esteves-socio-de-tax-e-private-clients-da-jlegal-para-o-jornal-de-negocios","status":"publish","type":"post","link":"https:\/\/jlegal.pt\/en\/jaime-carvalho-esteves-socio-de-tax-e-private-clients-da-jlegal-para-o-jornal-de-negocios\/","title":{"rendered":"Jaime Carvalho Esteves, s\u00f3cio de Tax e Private Clients da J+Legal, para o Jornal de Neg\u00f3cios"},"content":{"rendered":"<p><a role=\"button\" href=\"https:\/\/jlegal.pt\/en\/news\/\">Go back<br \/>\n<\/a><\/p>\n<h1 class=\"elementor-heading-title elementor-size-default\">Jaime Carvalho Esteves, s\u00f3cio de Tax e Private Clients da J+Legal, para o Jornal de Neg\u00f3cios<\/h1>\n<h2>21 de outubro 2022<b><\/b><\/h2>\n<p><a href=\"https:\/\/jlegal.pt\/pt\/jaime-carvalho-esteves\/\" target=\"_blank\" rel=\"noopener\"><b>Jaime Carvalho Esteves<\/b><\/a>, s\u00f3cio de <em>Tax<\/em> e <em>Private Clients<\/em> da <strong>J+Legal<\/strong>, escreveu um artigo de opini\u00e3o para o Jornal de Neg\u00f3cios onde analisa a proposta de Or\u00e7amento de Estado para 2023, um &#8220;or\u00e7amento com &#8220;C\u00eas&#8221; e &#8220;Ses&#8221;.<\/p>\n<p>&nbsp;<\/p>\n<p><a href=\"https:\/\/www.jornaldenegocios.pt\/opiniao\/colunistas\/detalhe\/um-orcamento-com-ces-e-ses\"><strong>Leia o artigo aqui.<\/strong><\/a><\/p>","protected":false},"excerpt":{"rendered":"<p>Jaime Carvalho Esteves, s\u00f3cio de Tax e Private Clients da J+Legal, para o Jornal de Neg\u00f3cios<\/p>","protected":false},"author":1,"featured_media":8793,"comment_status":"open","ping_status":"open","sticky":false,"template":"","format":"standard","meta":{"footnotes":""},"categories":[5],"tags":[],"class_list":["post-8792","post","type-post","status-publish","format-standard","has-post-thumbnail","hentry","category-noticias"],"aioseo_notices":[],"acf":[],"_links":{"self":[{"href":"https:\/\/jlegal.pt\/en\/wp-json\/wp\/v2\/posts\/8792","targetHints":{"allow":["GET"]}}],"collection":[{"href":"https:\/\/jlegal.pt\/en\/wp-json\/wp\/v2\/posts"}],"about":[{"href":"https:\/\/jlegal.pt\/en\/wp-json\/wp\/v2\/types\/post"}],"author":[{"embeddable":true,"href":"https:\/\/jlegal.pt\/en\/wp-json\/wp\/v2\/users\/1"}],"replies":[{"embeddable":true,"href":"https:\/\/jlegal.pt\/en\/wp-json\/wp\/v2\/comments?post=8792"}],"version-history":[{"count":3,"href":"https:\/\/jlegal.pt\/en\/wp-json\/wp\/v2\/posts\/8792\/revisions"}],"predecessor-version":[{"id":8796,"href":"https:\/\/jlegal.pt\/en\/wp-json\/wp\/v2\/posts\/8792\/revisions\/8796"}],"wp:featuredmedia":[{"embeddable":true,"href":"https:\/\/jlegal.pt\/en\/wp-json\/wp\/v2\/media\/8793"}],"wp:attachment":[{"href":"https:\/\/jlegal.pt\/en\/wp-json\/wp\/v2\/media?parent=8792"}],"wp:term":[{"taxonomy":"category","embeddable":true,"href":"https:\/\/jlegal.pt\/en\/wp-json\/wp\/v2\/categories?post=8792"},{"taxonomy":"post_tag","embeddable":true,"href":"https:\/\/jlegal.pt\/en\/wp-json\/wp\/v2\/tags?post=8792"}],"curies":[{"name":"wp","href":"https:\/\/api.w.org\/{rel}","templated":true}]}}