{"id":8812,"date":"2022-11-04T09:02:57","date_gmt":"2022-11-04T13:02:57","guid":{"rendered":"https:\/\/jlegal.pt\/?p=8812"},"modified":"2022-11-04T09:14:19","modified_gmt":"2022-11-04T13:14:19","slug":"jaime-carvalho-esteves-socio-de-tax-e-private-clients-da-jlegal-para-o-jornal-economico-2","status":"publish","type":"post","link":"https:\/\/jlegal.pt\/en\/jaime-carvalho-esteves-socio-de-tax-e-private-clients-da-jlegal-para-o-jornal-economico-2\/","title":{"rendered":"Jaime Carvalho Esteves, s\u00f3cio de Tax e Private Clients da J+Legal, para o Jornal Econ\u00f3mico"},"content":{"rendered":"<p><a role=\"button\" href=\"https:\/\/jlegal.pt\/en\/news\/\">Go back<br \/>\n<\/a><\/p>\n<h1 class=\"elementor-heading-title elementor-size-default\">Jaime Carvalho Esteves, s\u00f3cio de Tax e Private Clients da J+Legal, para o Jornal Econ\u00f3mico<\/h1>\n<h2>04 de novembro 2022<b><\/b><\/h2>\n<p><a href=\"https:\/\/jlegal.pt\/pt\/jaime-carvalho-esteves\/\" target=\"_blank\" rel=\"noopener\"><b>Jaime Carvalho Esteves<\/b><\/a>, s\u00f3cio de <em>Tax<\/em> e <em>Private Clients<\/em> da <strong>J+Legal<\/strong>, em declara\u00e7\u00f5es ao <strong>Jornal Economico<\/strong> comentou \u201cser curioso que o Governo tenha declarado opor-se \u00e0 tributa\u00e7\u00e3o agravada dos lucros extraordin\u00e1rios, exceto se decidida a n\u00edvel europeu, e que a decis\u00e3o europeia n\u00e3o inclua essa adicional na distribui\u00e7\u00e3o mas que, ainda assim, o Governo avance com essa tributa\u00e7\u00e3o, em contradi\u00e7\u00e3o com o consenso europeu e com a sua posi\u00e7\u00e3o anterior\u201d.<\/p>\n<p><a href=\"https:\/\/jlegal.pt\/wp-content\/uploads\/2022\/11\/JE_04_11_2022-completo-8.pdf\">Leia o artigo aqui.<\/a><\/p>","protected":false},"excerpt":{"rendered":"<p>Jaime Carvalho Esteves, s\u00f3cio de Tax e Private Clients da J+Legal, para o Jornal Econ\u00f3mico, ainda quanto a lucros extraordin\u00e1rios e os lucros extraordin\u00e1rios no sector da distribui\u00e7\u00e3o<\/p>","protected":false},"author":1,"featured_media":8818,"comment_status":"open","ping_status":"open","sticky":false,"template":"","format":"standard","meta":{"footnotes":""},"categories":[5],"tags":[],"class_list":["post-8812","post","type-post","status-publish","format-standard","has-post-thumbnail","hentry","category-noticias"],"aioseo_notices":[],"acf":[],"_links":{"self":[{"href":"https:\/\/jlegal.pt\/en\/wp-json\/wp\/v2\/posts\/8812","targetHints":{"allow":["GET"]}}],"collection":[{"href":"https:\/\/jlegal.pt\/en\/wp-json\/wp\/v2\/posts"}],"about":[{"href":"https:\/\/jlegal.pt\/en\/wp-json\/wp\/v2\/types\/post"}],"author":[{"embeddable":true,"href":"https:\/\/jlegal.pt\/en\/wp-json\/wp\/v2\/users\/1"}],"replies":[{"embeddable":true,"href":"https:\/\/jlegal.pt\/en\/wp-json\/wp\/v2\/comments?post=8812"}],"version-history":[{"count":3,"href":"https:\/\/jlegal.pt\/en\/wp-json\/wp\/v2\/posts\/8812\/revisions"}],"predecessor-version":[{"id":8819,"href":"https:\/\/jlegal.pt\/en\/wp-json\/wp\/v2\/posts\/8812\/revisions\/8819"}],"wp:featuredmedia":[{"embeddable":true,"href":"https:\/\/jlegal.pt\/en\/wp-json\/wp\/v2\/media\/8818"}],"wp:attachment":[{"href":"https:\/\/jlegal.pt\/en\/wp-json\/wp\/v2\/media?parent=8812"}],"wp:term":[{"taxonomy":"category","embeddable":true,"href":"https:\/\/jlegal.pt\/en\/wp-json\/wp\/v2\/categories?post=8812"},{"taxonomy":"post_tag","embeddable":true,"href":"https:\/\/jlegal.pt\/en\/wp-json\/wp\/v2\/tags?post=8812"}],"curies":[{"name":"wp","href":"https:\/\/api.w.org\/{rel}","templated":true}]}}