{"id":8820,"date":"2022-11-07T06:10:48","date_gmt":"2022-11-07T11:10:48","guid":{"rendered":"https:\/\/jlegal.pt\/?p=8820"},"modified":"2022-11-07T06:10:48","modified_gmt":"2022-11-07T11:10:48","slug":"jaime-carvalho-esteves-socio-de-tax-e-private-clients-da-jlegal-foi-moderador-no-debate-do-orcamento-de-estado-2023-do-forum-para-a-competitividade-e-aese","status":"publish","type":"post","link":"https:\/\/jlegal.pt\/en\/jaime-carvalho-esteves-socio-de-tax-e-private-clients-da-jlegal-foi-moderador-no-debate-do-orcamento-de-estado-2023-do-forum-para-a-competitividade-e-aese\/","title":{"rendered":"Jaime Carvalho Esteves, s\u00f3cio de Tax e Private Clients da J+Legal, foi moderador no Debate do Or\u00e7amento de Estado 2023 do F\u00f3rum para a Competitividade e AESE"},"content":{"rendered":"<p><a role=\"button\" href=\"https:\/\/jlegal.pt\/en\/news\/\">Go back<br \/>\n<\/a><\/p>\n<h1 class=\"elementor-heading-title elementor-size-default\">Jaime Carvalho Esteves, s\u00f3cio de Tax e Private Clients da J+Legal, foi moderador no Debate do Or\u00e7amento de Estado 2023 organizado pelo F\u00f3rum para a Competitividade e AESE Business School<\/h1>\n<h2>07 de novembro 2022<b><\/b><\/h2>\n<p><a href=\"https:\/\/jlegal.pt\/pt\/jaime-carvalho-esteves\/\" target=\"_blank\" rel=\"noopener\"><b>Jaime Carvalho Esteves<\/b><\/a>, s\u00f3cio de <em>Tax<\/em> e <em>Private Clients<\/em> da <strong>J+Legal<\/strong>, foi moderador no <strong>Painel \u201cDespesa P\u00fablica, Pol\u00edtica Fiscal e Desenvolvimento Econ\u00f3mico\u201d\u00a0<\/strong>no debate anual organizado pelo F\u00f3rum para a Competitividade e pela AESE Business School sobre o Or\u00e7amento de Estado.<\/p>\n<p>O debate, moderado por Jaime, contou com a participa\u00e7\u00e3o de Jos\u00e9 Almeida Fernandes, Ricardo Arroja, Joaquim Miranda Sarmento, Bruno Proen\u00e7a e H\u00e9lder Reis.<\/p>","protected":false},"excerpt":{"rendered":"<p>Jaime Carvalho Esteves, s\u00f3cio de Tax e Private Clients da J+Legal, foi moderador no Debate do Or\u00e7amento de Estado 2023 do F\u00f3rum para a Competitividade e AESE <\/p>","protected":false},"author":1,"featured_media":8821,"comment_status":"open","ping_status":"open","sticky":false,"template":"","format":"standard","meta":{"footnotes":""},"categories":[5],"tags":[],"class_list":["post-8820","post","type-post","status-publish","format-standard","has-post-thumbnail","hentry","category-noticias"],"aioseo_notices":[],"acf":[],"_links":{"self":[{"href":"https:\/\/jlegal.pt\/en\/wp-json\/wp\/v2\/posts\/8820","targetHints":{"allow":["GET"]}}],"collection":[{"href":"https:\/\/jlegal.pt\/en\/wp-json\/wp\/v2\/posts"}],"about":[{"href":"https:\/\/jlegal.pt\/en\/wp-json\/wp\/v2\/types\/post"}],"author":[{"embeddable":true,"href":"https:\/\/jlegal.pt\/en\/wp-json\/wp\/v2\/users\/1"}],"replies":[{"embeddable":true,"href":"https:\/\/jlegal.pt\/en\/wp-json\/wp\/v2\/comments?post=8820"}],"version-history":[{"count":2,"href":"https:\/\/jlegal.pt\/en\/wp-json\/wp\/v2\/posts\/8820\/revisions"}],"predecessor-version":[{"id":8823,"href":"https:\/\/jlegal.pt\/en\/wp-json\/wp\/v2\/posts\/8820\/revisions\/8823"}],"wp:featuredmedia":[{"embeddable":true,"href":"https:\/\/jlegal.pt\/en\/wp-json\/wp\/v2\/media\/8821"}],"wp:attachment":[{"href":"https:\/\/jlegal.pt\/en\/wp-json\/wp\/v2\/media?parent=8820"}],"wp:term":[{"taxonomy":"category","embeddable":true,"href":"https:\/\/jlegal.pt\/en\/wp-json\/wp\/v2\/categories?post=8820"},{"taxonomy":"post_tag","embeddable":true,"href":"https:\/\/jlegal.pt\/en\/wp-json\/wp\/v2\/tags?post=8820"}],"curies":[{"name":"wp","href":"https:\/\/api.w.org\/{rel}","templated":true}]}}