{"id":8832,"date":"2022-11-15T10:16:27","date_gmt":"2022-11-15T15:16:27","guid":{"rendered":"https:\/\/jlegal.pt\/?p=8832"},"modified":"2022-11-15T10:16:27","modified_gmt":"2022-11-15T15:16:27","slug":"jaime-carvalho-esteves-socio-de-tax-e-private-clients-da-jlegal-e-um-dos-10-advogados-global-elite-thought-leaders-a-nivel-mundial","status":"publish","type":"post","link":"https:\/\/jlegal.pt\/en\/jaime-carvalho-esteves-socio-de-tax-e-private-clients-da-jlegal-e-um-dos-10-advogados-global-elite-thought-leaders-a-nivel-mundial\/","title":{"rendered":"Jaime Carvalho Esteves, s\u00f3cio de Tax e Private Clients da J+Legal, \u00e9 um dos 10 advogados GLOBAL ELITE THOUGHT LEADERS a n\u00edvel mundial"},"content":{"rendered":"<p><a role=\"button\" href=\"https:\/\/jlegal.pt\/en\/news\/\">Go back<br \/>\n<\/a><\/p>\n<h1 class=\"elementor-heading-title elementor-size-default\">Jaime Carvalho Esteves, s\u00f3cio de Tax e Private Clients da J+Legal, \u00e9 um dos 10 advogados GLOBAL ELITE THOUGHT LEADERS a n\u00edvel mundial<\/h1>\n<h2>15 de novembro 2022<b><\/b><\/h2>\n<p>Ap\u00f3s uma pesquisa independente e internacional, <a href=\"https:\/\/jlegal.pt\/pt\/jaime-carvalho-esteves\/\" target=\"_blank\" rel=\"noopener\"><b>Jaime Carvalho Esteves<\/b><\/a>, integra os dez nomeados pela <strong><em>Who&#8217;s Who Leaders <\/em><\/strong>para a <strong>Global Elite Thought Leader <\/strong>como<strong> Corporate Tax Expert a n\u00edvel mundial<\/strong>, pela sua continuada assessoria a clientes numa ampla gama de quest\u00f5es tribut\u00e1rias de complexidade elevada, tanto de \u00e2mbito nacional como internacional e integra, por isso, os 81 <em>Corporate Tax Experts <\/em>listados como \u00a0<strong><em>Leading Individuals<\/em><\/strong> in <em>Financial Advisory<\/em>.<\/p>","protected":false},"excerpt":{"rendered":"<p>Jaime Carvalho Esteves, s\u00f3cio de Tax e Private Clients da J+Legal, \u00e9 um dos 10 advogados GLOBAL ELITE THOUGHT LEADERS a n\u00edvel mundial<\/p>","protected":false},"author":1,"featured_media":8833,"comment_status":"open","ping_status":"open","sticky":false,"template":"","format":"standard","meta":{"footnotes":""},"categories":[5],"tags":[],"class_list":["post-8832","post","type-post","status-publish","format-standard","has-post-thumbnail","hentry","category-noticias"],"aioseo_notices":[],"acf":[],"_links":{"self":[{"href":"https:\/\/jlegal.pt\/en\/wp-json\/wp\/v2\/posts\/8832","targetHints":{"allow":["GET"]}}],"collection":[{"href":"https:\/\/jlegal.pt\/en\/wp-json\/wp\/v2\/posts"}],"about":[{"href":"https:\/\/jlegal.pt\/en\/wp-json\/wp\/v2\/types\/post"}],"author":[{"embeddable":true,"href":"https:\/\/jlegal.pt\/en\/wp-json\/wp\/v2\/users\/1"}],"replies":[{"embeddable":true,"href":"https:\/\/jlegal.pt\/en\/wp-json\/wp\/v2\/comments?post=8832"}],"version-history":[{"count":1,"href":"https:\/\/jlegal.pt\/en\/wp-json\/wp\/v2\/posts\/8832\/revisions"}],"predecessor-version":[{"id":8834,"href":"https:\/\/jlegal.pt\/en\/wp-json\/wp\/v2\/posts\/8832\/revisions\/8834"}],"wp:featuredmedia":[{"embeddable":true,"href":"https:\/\/jlegal.pt\/en\/wp-json\/wp\/v2\/media\/8833"}],"wp:attachment":[{"href":"https:\/\/jlegal.pt\/en\/wp-json\/wp\/v2\/media?parent=8832"}],"wp:term":[{"taxonomy":"category","embeddable":true,"href":"https:\/\/jlegal.pt\/en\/wp-json\/wp\/v2\/categories?post=8832"},{"taxonomy":"post_tag","embeddable":true,"href":"https:\/\/jlegal.pt\/en\/wp-json\/wp\/v2\/tags?post=8832"}],"curies":[{"name":"wp","href":"https:\/\/api.w.org\/{rel}","templated":true}]}}