{"id":8839,"date":"2022-11-17T09:58:11","date_gmt":"2022-11-17T14:58:11","guid":{"rendered":"https:\/\/jlegal.pt\/?p=8839"},"modified":"2022-11-17T09:58:11","modified_gmt":"2022-11-17T14:58:11","slug":"jaime-carvalho-esteves-no-expresso-economia-a-proposito-da-competicao-por-nomadas-digitais","status":"publish","type":"post","link":"https:\/\/jlegal.pt\/en\/jaime-carvalho-esteves-no-expresso-economia-a-proposito-da-competicao-por-nomadas-digitais\/","title":{"rendered":"Jaime Carvalho Esteves no Expresso Economia a prop\u00f3sito da \u201ccompeti\u00e7\u00e3o por n\u00f3madas digitais\u201d"},"content":{"rendered":"<p><a role=\"button\" href=\"https:\/\/jlegal.pt\/en\/news\/\">Go back<br \/>\n<\/a><\/p>\n<h1 class=\"elementor-heading-title elementor-size-default\">Jaime Carvalho Esteves, no Expresso Economia a prop\u00f3sito da &#8220;competi\u00e7\u00e3o por n\u00f3madas digitais&#8221;<\/h1>\n<h2>17 de novembro 2022<b><\/b><\/h2>\n<p>O Expresso Economia consultou <a href=\"https:\/\/jlegal.pt\/pt\/jaime-carvalho-esteves\/\" target=\"_blank\" rel=\"noopener\"><b>Jaime Carvalho Esteves<\/b><\/a> sobre as recentes altera\u00e7\u00f5es do regime fiscal espanhol para expatriados que tornou assim o pa\u00eds mais interessante a \u201cn\u00f3madas digitais\u201d e outros contribuintes.<\/p>\n<p>Para o fiscalista, \u201co regime de RNH, tal como os demais regimes similares que encontramos na Europa do Sul (com exce\u00e7\u00e3o de It\u00e1lia, mais pr\u00f3xima do <em>forfait<\/em> su\u00ed\u00e7o), inspira-se na lei Beckhman, que por sua vez se inspirava no regime brit\u00e2nico de residentes n\u00e3o domiciliados e no antigo regime belga para expatriados.\u201d<\/p>\n<p>O regime espanhol \u00e9 agora alinhado com o regime portugu\u00eas para o Residente N\u00e3o Habitual (RRHN). \u201cAinda assim o regime portugu\u00eas continuar\u00e1 a apresentar vantagens comparativas, pois tem um \u00e2mbito de aplica\u00e7\u00e3o mais amplo\u201d.<\/p>\n<p>Quanto aos \u201cn\u00f3madas digitais\u201d, Jaime Carvalho Esteves considera haver aspetos t\u00e9cnicos sens\u00edveis que ainda n\u00e3o est\u00e3o totalmente esclarecidos quer em Espanha, quer em Portugal. Saiba quais no link em baixo<\/p>\n<p>&nbsp;<\/p>\n<p><a href=\"https:\/\/expresso.pt\/economia\/2022-11-16-Regime-fiscal-de-Espanha-para-expatriados-vai-ficar-mais-proximo-das-regras-portuguesas-c76a88a0\">https:\/\/expresso.pt\/economia\/2022-11-16-Regime-fiscal-de-Espanha-para-expatriados-vai-ficar-mais-proximo-das-regras-portuguesas-c76a88a0<\/a><\/p>\n<p>(artigo pago)<\/p>","protected":false},"excerpt":{"rendered":"<p>Jaime Carvalho Esteves, s\u00f3cio de Tax e Private Clients da J+Legal, \u00e9 um dos 10 advogados GLOBAL ELITE THOUGHT LEADERS a n\u00edvel mundial<\/p>","protected":false},"author":1,"featured_media":8840,"comment_status":"open","ping_status":"open","sticky":false,"template":"","format":"standard","meta":{"footnotes":""},"categories":[5],"tags":[],"class_list":["post-8839","post","type-post","status-publish","format-standard","has-post-thumbnail","hentry","category-noticias"],"aioseo_notices":[],"acf":[],"_links":{"self":[{"href":"https:\/\/jlegal.pt\/en\/wp-json\/wp\/v2\/posts\/8839","targetHints":{"allow":["GET"]}}],"collection":[{"href":"https:\/\/jlegal.pt\/en\/wp-json\/wp\/v2\/posts"}],"about":[{"href":"https:\/\/jlegal.pt\/en\/wp-json\/wp\/v2\/types\/post"}],"author":[{"embeddable":true,"href":"https:\/\/jlegal.pt\/en\/wp-json\/wp\/v2\/users\/1"}],"replies":[{"embeddable":true,"href":"https:\/\/jlegal.pt\/en\/wp-json\/wp\/v2\/comments?post=8839"}],"version-history":[{"count":2,"href":"https:\/\/jlegal.pt\/en\/wp-json\/wp\/v2\/posts\/8839\/revisions"}],"predecessor-version":[{"id":8842,"href":"https:\/\/jlegal.pt\/en\/wp-json\/wp\/v2\/posts\/8839\/revisions\/8842"}],"wp:featuredmedia":[{"embeddable":true,"href":"https:\/\/jlegal.pt\/en\/wp-json\/wp\/v2\/media\/8840"}],"wp:attachment":[{"href":"https:\/\/jlegal.pt\/en\/wp-json\/wp\/v2\/media?parent=8839"}],"wp:term":[{"taxonomy":"category","embeddable":true,"href":"https:\/\/jlegal.pt\/en\/wp-json\/wp\/v2\/categories?post=8839"},{"taxonomy":"post_tag","embeddable":true,"href":"https:\/\/jlegal.pt\/en\/wp-json\/wp\/v2\/tags?post=8839"}],"curies":[{"name":"wp","href":"https:\/\/api.w.org\/{rel}","templated":true}]}}