{"id":8850,"date":"2022-11-25T08:03:22","date_gmt":"2022-11-25T13:03:22","guid":{"rendered":"https:\/\/jlegal.pt\/?p=8850"},"modified":"2022-11-25T08:03:47","modified_gmt":"2022-11-25T13:03:47","slug":"jlegal-recebe-diogo-de-lucena-na-7a-edicao-das-jtalks","status":"publish","type":"post","link":"https:\/\/jlegal.pt\/en\/jlegal-recebe-diogo-de-lucena-na-7a-edicao-das-jtalks\/","title":{"rendered":"J+Legal recebe Diogo de Lucena na 7\u00aa Edi\u00e7\u00e3o das J+Talks"},"content":{"rendered":"<p><img loading=\"lazy\" decoding=\"async\" src=\"https:\/\/jlegal.pt\/wp-content\/uploads\/2021\/04\/Screenshot-2021-04-02-at-12.01.21.png\" sizes=\"auto, (max-width: 1842px) 100vw, 1842px\" srcset=\"https:\/\/i0.wp.com\/jlegal.pt\/wp-content\/uploads\/2021\/04\/Screenshot-2021-04-02-at-12.01.21.png?w=1842&amp;ssl=1 1842w, https:\/\/i0.wp.com\/jlegal.pt\/wp-content\/uploads\/2021\/04\/Screenshot-2021-04-02-at-12.01.21.png?resize=300%2C98&amp;ssl=1 300w, https:\/\/i0.wp.com\/jlegal.pt\/wp-content\/uploads\/2021\/04\/Screenshot-2021-04-02-at-12.01.21.png?resize=1024%2C334&amp;ssl=1 1024w, https:\/\/i0.wp.com\/jlegal.pt\/wp-content\/uploads\/2021\/04\/Screenshot-2021-04-02-at-12.01.21.png?resize=768%2C250&amp;ssl=1 768w, https:\/\/i0.wp.com\/jlegal.pt\/wp-content\/uploads\/2021\/04\/Screenshot-2021-04-02-at-12.01.21.png?resize=1536%2C500&amp;ssl=1 1536w, https:\/\/i0.wp.com\/jlegal.pt\/wp-content\/uploads\/2021\/04\/Screenshot-2021-04-02-at-12.01.21.png?resize=16%2C5&amp;ssl=1 16w\" alt=\"\" width=\"1842\" height=\"600\" \/><br \/>\n<a role=\"button\" href=\"https:\/\/jlegal.pt\/en\/news\/\"><br \/>\nGo back<br \/>\n<\/a><\/p>\n<h1>J+Legal recebe Diogo de Lucena na 7.\u00aa Edi\u00e7\u00e3o das <i><b>J+Talks<\/b><\/i><\/h1>\n<h2>23 de novembro 2022<\/h2>\n<p>Tivemos ontem o gosto de receber como nosso convidado o <strong>Professor Diogo de Lucena<\/strong> para a nossa 7.\u00aa <strong>J+Talk<\/strong>.<\/p>\n<p>O <strong>Professor Diogo de Lucena<\/strong> veio falar-nos e dar-nos um pouco da sua perspetiva sobre a articula\u00e7\u00e3o entre duas ci\u00eancias sociais transversais ao nosso quotidiano: o Direito e a Economia e o impacto que cada uma das duas ci\u00eancias tem relativamente \u00e0 outra por indissociavelmente ligadas entre si. Foi um grande privil\u00e9gio ouvi-lo falar sobre a an\u00e1lise econ\u00f3mica do direito e, por contraposi\u00e7\u00e3o, sobre a an\u00e1lise jur\u00eddica da economia.<\/p>\n<p>O conte\u00fado da confer\u00eancia fica, como sempre, reservado \u00e0\u00a0<strong><a href=\"https:\/\/www.linkedin.com\/company\/j-legal-sociedade-de-advogados-sp-rl\/\" data-attribute-index=\"0\" data-entity-hovercard-id=\"urn:li:fs_miniCompany:75855781\" data-entity-type=\"MINI_COMPANY\">J + Legal<\/a><\/strong>, mas todos os que participaram nas <strong>J+Talks<\/strong> do final do dia e princ\u00edpio de noite de ontem sa\u00edram, certamente, a ganhar por poderem aprender mais um pouco sobre Economia, numa <strong>J+Talk<\/strong> conduzida por um dos mais reputados economistas do Pa\u00eds e a quem agradecemos.<\/p>\n<p>Em breve teremos novas <strong>J+Talks<\/strong> com convidados que partilhar\u00e3o tamb\u00e9m as suas viv\u00eancias e experi\u00eancias.<\/p>\n<p>&nbsp;<\/p>\n<p><img loading=\"lazy\" decoding=\"async\" class=\"alignnone wp-image-8851\" src=\"https:\/\/jlegal.pt\/wp-content\/uploads\/2022\/11\/WhatsApp-Image-2022-11-23-at-19.59.28-768x380.jpeg\" alt=\"\" width=\"893\" height=\"442\" \/><\/p>","protected":false},"excerpt":{"rendered":"<p>J+Legal recebe Diogo de Lucena na 7\u00aa Edi\u00e7\u00e3o das J+Talks<\/p>","protected":false},"author":1,"featured_media":8851,"comment_status":"open","ping_status":"open","sticky":false,"template":"","format":"standard","meta":{"footnotes":""},"categories":[5],"tags":[],"class_list":["post-8850","post","type-post","status-publish","format-standard","has-post-thumbnail","hentry","category-noticias"],"aioseo_notices":[],"acf":[],"_links":{"self":[{"href":"https:\/\/jlegal.pt\/en\/wp-json\/wp\/v2\/posts\/8850","targetHints":{"allow":["GET"]}}],"collection":[{"href":"https:\/\/jlegal.pt\/en\/wp-json\/wp\/v2\/posts"}],"about":[{"href":"https:\/\/jlegal.pt\/en\/wp-json\/wp\/v2\/types\/post"}],"author":[{"embeddable":true,"href":"https:\/\/jlegal.pt\/en\/wp-json\/wp\/v2\/users\/1"}],"replies":[{"embeddable":true,"href":"https:\/\/jlegal.pt\/en\/wp-json\/wp\/v2\/comments?post=8850"}],"version-history":[{"count":3,"href":"https:\/\/jlegal.pt\/en\/wp-json\/wp\/v2\/posts\/8850\/revisions"}],"predecessor-version":[{"id":8854,"href":"https:\/\/jlegal.pt\/en\/wp-json\/wp\/v2\/posts\/8850\/revisions\/8854"}],"wp:featuredmedia":[{"embeddable":true,"href":"https:\/\/jlegal.pt\/en\/wp-json\/wp\/v2\/media\/8851"}],"wp:attachment":[{"href":"https:\/\/jlegal.pt\/en\/wp-json\/wp\/v2\/media?parent=8850"}],"wp:term":[{"taxonomy":"category","embeddable":true,"href":"https:\/\/jlegal.pt\/en\/wp-json\/wp\/v2\/categories?post=8850"},{"taxonomy":"post_tag","embeddable":true,"href":"https:\/\/jlegal.pt\/en\/wp-json\/wp\/v2\/tags?post=8850"}],"curies":[{"name":"wp","href":"https:\/\/api.w.org\/{rel}","templated":true}]}}