{"id":8883,"date":"2022-12-20T07:42:46","date_gmt":"2022-12-20T12:42:46","guid":{"rendered":"https:\/\/jlegal.pt\/?p=8883"},"modified":"2022-12-20T07:42:46","modified_gmt":"2022-12-20T12:42:46","slug":"jlegal-assessora-o-capital-em-processo-de-reestruturacao-societaria-e-na-entrada-da-seguradora-caravela-seguros-no-grupo-your","status":"publish","type":"post","link":"https:\/\/jlegal.pt\/en\/jlegal-assessora-o-capital-em-processo-de-reestruturacao-societaria-e-na-entrada-da-seguradora-caravela-seguros-no-grupo-your\/","title":{"rendered":"J+Legal assessora \u00d3 Capital em processo de reestrutura\u00e7\u00e3o societ\u00e1ria e na entrada da Seguradora Caravela Seguros no Grupo Your"},"content":{"rendered":"<p><a role=\"button\" href=\"https:\/\/jlegal.pt\/en\/news\/\">Go back<br \/>\n<\/a><\/p>\n<h1 class=\"elementor-heading-title elementor-size-default\">J+Legal assessora \u00d3 Capital em processo de reestrutura\u00e7\u00e3o societ\u00e1ria e na entrada da Seguradora Caravela Seguros no Grupo Your<\/h1>\n<h2>20 de dezembro 2022<b><\/b><\/h2>\n<p>A J+Legal assessorou a \u00d3 Capital no processo de reestrutura\u00e7\u00e3o societ\u00e1ria do grupo, o que envolveu, entre outras opera\u00e7\u00f5es, a cis\u00e3o-fus\u00e3o de mais de dez empresas.<\/p>\n<p>Posteriormente a este processo de reestrutura\u00e7\u00e3o, a J+Legal assessorou ainda a \u00d3 Capital na entrada da seguradora Caravela Seguros na Grupo Your, atrav\u00e9s de uma opera\u00e7\u00e3o de investimento de 7 milh\u00f5es de euros, representando uma valoriza\u00e7\u00e3o de 24 milh\u00f5es de euros para o grupo que, atualmente, \u00e9 composto por diversas empresas, como a Your Finance, a Your Care, a Your People, a Your Insurance e a Your Time. Com a conclus\u00e3o desta opera\u00e7\u00e3o, a estrutura acionista da Grupo Your passa a ser constitu\u00edda pela \u00d3 Capital com 70,9% do capital social e a Caravela com uma posi\u00e7\u00e3o de 29,1%, mantendo-se a equipa de gest\u00e3o sob a lideran\u00e7a da fundadora e CEO (presidente executiva) da empresa, Sara do \u00d3.<\/p>\n<p>A Grupo Your \u00e9 uma empresa portuguesa de contabilidade e de apoio \u00e0 gest\u00e3o, e conta com 380 colaboradores, estando previsto atingir, este ano, um volume de neg\u00f3cios de 15 milh\u00f5es de euros.<\/p>\n<p>A equipa multidisciplinar foi liderada por Jos\u00e9 Diogo Horta Os\u00f3rio e por Rui Bello da Silva, s\u00f3cio e associado s\u00e9nior da equipa de <em>corporate <\/em>e M&amp;A, respetivamente, contando ainda com a colabora\u00e7\u00e3o da associada j\u00fanior Carolina Serrano Correia, bem como de Jaime Carvalho Esteves e Manuel da Gama Quaresma, respetivamente s\u00f3cio e associado da equipa de <em>tax <\/em>da J+Legal.<\/p>\n<p>&nbsp;<\/p>","protected":false},"excerpt":{"rendered":"<p>J+Legal assessora \u00d3 Capital em processo de reestrutura\u00e7\u00e3o societ\u00e1ria e na entrada da Seguradora Caravela Seguros no Grupo Your<\/p>","protected":false},"author":1,"featured_media":8884,"comment_status":"open","ping_status":"open","sticky":false,"template":"","format":"standard","meta":{"footnotes":""},"categories":[5],"tags":[],"class_list":["post-8883","post","type-post","status-publish","format-standard","has-post-thumbnail","hentry","category-noticias"],"aioseo_notices":[],"acf":[],"_links":{"self":[{"href":"https:\/\/jlegal.pt\/en\/wp-json\/wp\/v2\/posts\/8883","targetHints":{"allow":["GET"]}}],"collection":[{"href":"https:\/\/jlegal.pt\/en\/wp-json\/wp\/v2\/posts"}],"about":[{"href":"https:\/\/jlegal.pt\/en\/wp-json\/wp\/v2\/types\/post"}],"author":[{"embeddable":true,"href":"https:\/\/jlegal.pt\/en\/wp-json\/wp\/v2\/users\/1"}],"replies":[{"embeddable":true,"href":"https:\/\/jlegal.pt\/en\/wp-json\/wp\/v2\/comments?post=8883"}],"version-history":[{"count":2,"href":"https:\/\/jlegal.pt\/en\/wp-json\/wp\/v2\/posts\/8883\/revisions"}],"predecessor-version":[{"id":8886,"href":"https:\/\/jlegal.pt\/en\/wp-json\/wp\/v2\/posts\/8883\/revisions\/8886"}],"wp:featuredmedia":[{"embeddable":true,"href":"https:\/\/jlegal.pt\/en\/wp-json\/wp\/v2\/media\/8884"}],"wp:attachment":[{"href":"https:\/\/jlegal.pt\/en\/wp-json\/wp\/v2\/media?parent=8883"}],"wp:term":[{"taxonomy":"category","embeddable":true,"href":"https:\/\/jlegal.pt\/en\/wp-json\/wp\/v2\/categories?post=8883"},{"taxonomy":"post_tag","embeddable":true,"href":"https:\/\/jlegal.pt\/en\/wp-json\/wp\/v2\/tags?post=8883"}],"curies":[{"name":"wp","href":"https:\/\/api.w.org\/{rel}","templated":true}]}}