{"id":8890,"date":"2022-12-27T10:24:35","date_gmt":"2022-12-27T15:24:35","guid":{"rendered":"https:\/\/jlegal.pt\/?p=8890"},"modified":"2022-12-27T10:24:35","modified_gmt":"2022-12-27T15:24:35","slug":"jaime-carvalho-esteves-no-jornal-economico-sobre-o-oe2023","status":"publish","type":"post","link":"https:\/\/jlegal.pt\/en\/jaime-carvalho-esteves-no-jornal-economico-sobre-o-oe2023\/","title":{"rendered":"Jaime Carvalho Esteves no Jornal Econ\u00f3mico sobre o OE2023"},"content":{"rendered":"<p><a role=\"button\" href=\"https:\/\/jlegal.pt\/en\/news\/\">Go back<br \/>\n<\/a><\/p>\n<h1 class=\"elementor-heading-title elementor-size-default\">Jaime Carvalho Esteves no Jornal Econ\u00f3mico sobre o OE2023<\/h1>\n<h2>27 de dezembro 2022<b><\/b><\/h2>\n<p><a href=\"https:\/\/jlegal.pt\/pt\/jaime-carvalho-esteves\/\" target=\"_blank\" rel=\"noopener\"><b>Jaime Carvalho Esteves<\/b><\/a> real\u00e7a como aspeto negativo do OE2023 a aus\u00eancia de uma &#8220;redu\u00e7\u00e3o relevante, pontual ou transversal, da tributa\u00e7\u00e3o das fam\u00edlias&#8221; e atira que a mudan\u00e7a no m\u00ednimo de exist\u00eancia nada acrescenta no sentido de uma &#8220;reintrodu\u00e7\u00e3o dos elementos de pessoaliza\u00e7\u00e3o do imposto&#8221;, ou seja, com vista a uma adapta\u00e7\u00e3o \u00e0s &#8220;particularidades de cada fam\u00edlia&#8221;.<\/p>\n<p>&nbsp;<\/p>\n<p>Saiba tudo aqui:<\/p>\n<p><a href=\"https:\/\/jornaleconomico.pt\/noticias\/orcamento-traz-menor-alivio-fiscal-do-que-o-esperado-974885\">Or\u00e7amento traz menor al\u00edvio fiscal do que o esperado \u2013 O Jornal Econ\u00f3mico (jornaleconomico.pt)<\/a><\/p>","protected":false},"excerpt":{"rendered":"<p>Jaime Carvalho Esteves no Jornal Econ\u00f3mico sobre o OE2023<\/p>","protected":false},"author":1,"featured_media":8891,"comment_status":"open","ping_status":"open","sticky":false,"template":"","format":"standard","meta":{"footnotes":""},"categories":[5],"tags":[],"class_list":["post-8890","post","type-post","status-publish","format-standard","has-post-thumbnail","hentry","category-noticias"],"aioseo_notices":[],"acf":[],"_links":{"self":[{"href":"https:\/\/jlegal.pt\/en\/wp-json\/wp\/v2\/posts\/8890","targetHints":{"allow":["GET"]}}],"collection":[{"href":"https:\/\/jlegal.pt\/en\/wp-json\/wp\/v2\/posts"}],"about":[{"href":"https:\/\/jlegal.pt\/en\/wp-json\/wp\/v2\/types\/post"}],"author":[{"embeddable":true,"href":"https:\/\/jlegal.pt\/en\/wp-json\/wp\/v2\/users\/1"}],"replies":[{"embeddable":true,"href":"https:\/\/jlegal.pt\/en\/wp-json\/wp\/v2\/comments?post=8890"}],"version-history":[{"count":2,"href":"https:\/\/jlegal.pt\/en\/wp-json\/wp\/v2\/posts\/8890\/revisions"}],"predecessor-version":[{"id":8893,"href":"https:\/\/jlegal.pt\/en\/wp-json\/wp\/v2\/posts\/8890\/revisions\/8893"}],"wp:featuredmedia":[{"embeddable":true,"href":"https:\/\/jlegal.pt\/en\/wp-json\/wp\/v2\/media\/8891"}],"wp:attachment":[{"href":"https:\/\/jlegal.pt\/en\/wp-json\/wp\/v2\/media?parent=8890"}],"wp:term":[{"taxonomy":"category","embeddable":true,"href":"https:\/\/jlegal.pt\/en\/wp-json\/wp\/v2\/categories?post=8890"},{"taxonomy":"post_tag","embeddable":true,"href":"https:\/\/jlegal.pt\/en\/wp-json\/wp\/v2\/tags?post=8890"}],"curies":[{"name":"wp","href":"https:\/\/api.w.org\/{rel}","templated":true}]}}