{"id":8918,"date":"2023-01-18T14:57:21","date_gmt":"2023-01-18T19:57:21","guid":{"rendered":"https:\/\/jlegal.pt\/?p=8918"},"modified":"2023-01-18T14:57:21","modified_gmt":"2023-01-18T19:57:21","slug":"jlegal-assessora-grupos-barraqueiro-e-rodonorte-em-processo-de-aquisicao-da-internorte-e-da-intercentro-ao-grupo-transdev","status":"publish","type":"post","link":"https:\/\/jlegal.pt\/en\/jlegal-assessora-grupos-barraqueiro-e-rodonorte-em-processo-de-aquisicao-da-internorte-e-da-intercentro-ao-grupo-transdev\/","title":{"rendered":"J+Legal assessora Grupos Barraqueiro e Rodonorte em processo de aquisi\u00e7\u00e3o da Internorte e da Intercentro ao Grupo Transdev"},"content":{"rendered":"<p><a role=\"button\" href=\"https:\/\/jlegal.pt\/en\/news\/\">Go back<br \/>\n<\/a><\/p>\n<h1 class=\"elementor-heading-title elementor-size-default\">J+Legal assessora Grupos Barraqueiro e Rodonorte em processo de aquisi\u00e7\u00e3o da Internorte e da Intercentro ao Grupo Transdev<\/h1>\n<h2>19 de janeiro 2023<b><\/b><\/h2>\n<p>A <strong>J+Legal<\/strong> assessorou os grupos <strong>Barraqueiro<\/strong> e <strong>Rodonorte<\/strong> no processo de aquisi\u00e7\u00e3o do controlo conjunto da <strong>Internorte<\/strong> e da <strong>Intercentro<\/strong> ao <strong>Grupo Transdev<\/strong>, refor\u00e7ando e consolidando, desta forma, a sua posi\u00e7\u00e3o no mercado de transporte rodovi\u00e1rio internacional. Esta opera\u00e7\u00e3o permitiu indiretamente um refor\u00e7o da posi\u00e7\u00e3o de controlo do <strong>Grupo Barraqueiro<\/strong> e do <strong>Grupo Rodonorte<\/strong> na <strong>Rede Nacional de Expressos<\/strong> (<strong>RNE<\/strong>) e na <strong>Rodovi\u00e1ria do Tejo<\/strong>, bem como nas respetivas participadas.<\/p>\n<p>A opera\u00e7\u00e3o foi notificada \u00e0 Autoridade da Concorr\u00eancia em novembro de 2022, tendo sido proferida uma decis\u00e3o de n\u00e3o oposi\u00e7\u00e3o em janeiro deste ano.<\/p>\n<p>A <strong>Internorte<\/strong> \u00e9 uma empresa que atua no setor do transporte rodovi\u00e1rio internacional de passageiros com origem ou destino na regi\u00e3o Norte, detendo participa\u00e7\u00f5es sociais noutras empresas, tamb\u00e9m dedicadas ao transporte rodovi\u00e1rio pesado de passageiros, designadamente na <strong>Intercentro<\/strong> e na <strong>Rodovi\u00e1ria do Tejo<\/strong>. A <strong>Intercentro<\/strong> atua no setor do transporte internacional de passageiros com origem ou destino na regi\u00e3o Centro, sendo que a <strong>Rodovi\u00e1ria do Tejo<\/strong> presta servi\u00e7os de transporte p\u00fablico rodovi\u00e1rio, municipal e intermunicipal, de passageiros, transporte ocasional e especializado e transporte internacional. Relativamente \u00e0 <strong>RNE<\/strong>, esta dedica-se \u00e0 presta\u00e7\u00e3o de servi\u00e7os regulares de transporte p\u00fablico de passageiros de tipo expresso em Portugal.<\/p>\n<p>A equipa multidisciplinar foi liderada por <strong><a href=\"https:\/\/jlegal.pt\/en\/equipa\/jose-diogo-horta-osorio\/\">Jos\u00e9 Diogo Horta Os\u00f3rio<\/a><\/strong> e por <strong><a href=\"https:\/\/jlegal.pt\/en\/equipa\/rui-bello-da-silva\/\">Rui Bello da Silva<\/a><\/strong> e <a href=\"https:\/\/jlegal.pt\/en\/equipa\/lourenco-corte-real\/\"><strong>Louren\u00e7o C\u00f4rte-Real<\/strong><\/a>, s\u00f3cio e associados s\u00e9niores da equipa de <em>corporate<\/em> e M&amp;A, respetivamente, juntamente com os advogados <strong><a href=\"https:\/\/jlegal.pt\/en\/equipa\/joao-leite-de-carvalho\/\">Jo\u00e3o Leite Carvalho<\/a><\/strong> e <strong><a href=\"https:\/\/jlegal.pt\/en\/equipa\/carolina-serrano-correia\/\">Carolina Serrano Correia<\/a><\/strong>. A equipa contou ainda, no \u00e2mbito de direito da concorr\u00eancia, com a colabora\u00e7\u00e3o de Rita Leandro Vasconcelos, s\u00f3cia da <strong>Cruz Vila\u00e7a Advogados<\/strong>, e de Mariana Tavares e In\u00eas Domingues Alves, advogadas da mesma firma. Relativamente ao <strong>Grupo Transdev<\/strong>, o mesmo foi assessorado pela <strong>Cuatrecasas<\/strong>, liderada pela s\u00f3cia Samantha Cyrne e a advogada Joana Magina.<\/p>","protected":false},"excerpt":{"rendered":"<p>J+Legal assessora Grupos Barraqueiro e Rodonorte em processo de aquisi\u00e7\u00e3o da Internorte e da Intercentro ao Grupo Transdev<\/p>","protected":false},"author":1,"featured_media":8919,"comment_status":"open","ping_status":"open","sticky":false,"template":"","format":"standard","meta":{"footnotes":""},"categories":[5],"tags":[],"class_list":["post-8918","post","type-post","status-publish","format-standard","has-post-thumbnail","hentry","category-noticias"],"aioseo_notices":[],"acf":[],"_links":{"self":[{"href":"https:\/\/jlegal.pt\/en\/wp-json\/wp\/v2\/posts\/8918","targetHints":{"allow":["GET"]}}],"collection":[{"href":"https:\/\/jlegal.pt\/en\/wp-json\/wp\/v2\/posts"}],"about":[{"href":"https:\/\/jlegal.pt\/en\/wp-json\/wp\/v2\/types\/post"}],"author":[{"embeddable":true,"href":"https:\/\/jlegal.pt\/en\/wp-json\/wp\/v2\/users\/1"}],"replies":[{"embeddable":true,"href":"https:\/\/jlegal.pt\/en\/wp-json\/wp\/v2\/comments?post=8918"}],"version-history":[{"count":2,"href":"https:\/\/jlegal.pt\/en\/wp-json\/wp\/v2\/posts\/8918\/revisions"}],"predecessor-version":[{"id":8921,"href":"https:\/\/jlegal.pt\/en\/wp-json\/wp\/v2\/posts\/8918\/revisions\/8921"}],"wp:featuredmedia":[{"embeddable":true,"href":"https:\/\/jlegal.pt\/en\/wp-json\/wp\/v2\/media\/8919"}],"wp:attachment":[{"href":"https:\/\/jlegal.pt\/en\/wp-json\/wp\/v2\/media?parent=8918"}],"wp:term":[{"taxonomy":"category","embeddable":true,"href":"https:\/\/jlegal.pt\/en\/wp-json\/wp\/v2\/categories?post=8918"},{"taxonomy":"post_tag","embeddable":true,"href":"https:\/\/jlegal.pt\/en\/wp-json\/wp\/v2\/tags?post=8918"}],"curies":[{"name":"wp","href":"https:\/\/api.w.org\/{rel}","templated":true}]}}