{"id":8930,"date":"2023-01-25T05:55:52","date_gmt":"2023-01-25T10:55:52","guid":{"rendered":"https:\/\/jlegal.pt\/?p=8930"},"modified":"2023-01-25T05:56:04","modified_gmt":"2023-01-25T10:56:04","slug":"jlegal-recebe-rosalia-amorim-para-a-9o-edicao-das-jtalks","status":"publish","type":"post","link":"https:\/\/jlegal.pt\/en\/jlegal-recebe-rosalia-amorim-para-a-9o-edicao-das-jtalks\/","title":{"rendered":"J+Legal recebe Ros\u00e1lia Amorim para a 9\u00ba Edi\u00e7\u00e3o das J+Talks"},"content":{"rendered":"<p><img loading=\"lazy\" decoding=\"async\" src=\"https:\/\/jlegal.pt\/wp-content\/uploads\/2021\/04\/Screenshot-2021-04-02-at-12.01.21.png\" sizes=\"auto, (max-width: 1842px) 100vw, 1842px\" srcset=\"https:\/\/i0.wp.com\/jlegal.pt\/wp-content\/uploads\/2021\/04\/Screenshot-2021-04-02-at-12.01.21.png?w=1842&amp;ssl=1 1842w, https:\/\/i0.wp.com\/jlegal.pt\/wp-content\/uploads\/2021\/04\/Screenshot-2021-04-02-at-12.01.21.png?resize=300%2C98&amp;ssl=1 300w, https:\/\/i0.wp.com\/jlegal.pt\/wp-content\/uploads\/2021\/04\/Screenshot-2021-04-02-at-12.01.21.png?resize=1024%2C334&amp;ssl=1 1024w, https:\/\/i0.wp.com\/jlegal.pt\/wp-content\/uploads\/2021\/04\/Screenshot-2021-04-02-at-12.01.21.png?resize=768%2C250&amp;ssl=1 768w, https:\/\/i0.wp.com\/jlegal.pt\/wp-content\/uploads\/2021\/04\/Screenshot-2021-04-02-at-12.01.21.png?resize=1536%2C500&amp;ssl=1 1536w, https:\/\/i0.wp.com\/jlegal.pt\/wp-content\/uploads\/2021\/04\/Screenshot-2021-04-02-at-12.01.21.png?resize=16%2C5&amp;ssl=1 16w\" alt=\"\" width=\"1842\" height=\"600\" \/><br \/>\n<a role=\"button\" href=\"https:\/\/jlegal.pt\/en\/news\/\"><br \/>\nGo back<br \/>\n<\/a><\/p>\n<h1>J+Legal recebe Ros\u00e1lia Amorim para a 9\u00ba Edi\u00e7\u00e3o das J+Talks<\/h1>\n<h2>20 de janeiro 2023<\/h2>\n<p>As J+Talks receberam o quarto poder,\u00a0<strong><a href=\"https:\/\/www.linkedin.com\/in\/ACoAAAMP_GUBqzVfMgcv62-KiLpl0YVOn4YAs3w\" data-attribute-index=\"0\" data-entity-hovercard-id=\"urn:li:fs_miniProfile:ACoAAAMP_GUBqzVfMgcv62-KiLpl0YVOn4YAs3w\" data-entity-type=\"MINI_PROFILE\">Ros\u00e1lia Amorim<\/a><\/strong>, diretora do\u00a0<strong>Di\u00e1rio de Not\u00edcias<\/strong>, que, a prop\u00f3sito de Davos, nos falou das perspectivas para 2023, em especial da infla\u00e7\u00e3o, sal\u00e1rios e crescimento.<\/p>\n<p>&nbsp;<\/p>\n<p><img loading=\"lazy\" decoding=\"async\" class=\"wp-image-8931 aligncenter\" src=\"https:\/\/jlegal.pt\/wp-content\/uploads\/2023\/01\/0613a9f8-862e-4c8d-a231-118f6b004477-2-768x380.jpg\" alt=\"\" width=\"816\" height=\"404\" \/><\/p>","protected":false},"excerpt":{"rendered":"<p>J+Legal recebe Ros\u00e1lia Amorim para a 9\u00ba Edi\u00e7\u00e3o das J+Talks<\/p>","protected":false},"author":1,"featured_media":8931,"comment_status":"open","ping_status":"open","sticky":false,"template":"","format":"standard","meta":{"footnotes":""},"categories":[5],"tags":[],"class_list":["post-8930","post","type-post","status-publish","format-standard","has-post-thumbnail","hentry","category-noticias"],"aioseo_notices":[],"acf":[],"_links":{"self":[{"href":"https:\/\/jlegal.pt\/en\/wp-json\/wp\/v2\/posts\/8930","targetHints":{"allow":["GET"]}}],"collection":[{"href":"https:\/\/jlegal.pt\/en\/wp-json\/wp\/v2\/posts"}],"about":[{"href":"https:\/\/jlegal.pt\/en\/wp-json\/wp\/v2\/types\/post"}],"author":[{"embeddable":true,"href":"https:\/\/jlegal.pt\/en\/wp-json\/wp\/v2\/users\/1"}],"replies":[{"embeddable":true,"href":"https:\/\/jlegal.pt\/en\/wp-json\/wp\/v2\/comments?post=8930"}],"version-history":[{"count":2,"href":"https:\/\/jlegal.pt\/en\/wp-json\/wp\/v2\/posts\/8930\/revisions"}],"predecessor-version":[{"id":8933,"href":"https:\/\/jlegal.pt\/en\/wp-json\/wp\/v2\/posts\/8930\/revisions\/8933"}],"wp:featuredmedia":[{"embeddable":true,"href":"https:\/\/jlegal.pt\/en\/wp-json\/wp\/v2\/media\/8931"}],"wp:attachment":[{"href":"https:\/\/jlegal.pt\/en\/wp-json\/wp\/v2\/media?parent=8930"}],"wp:term":[{"taxonomy":"category","embeddable":true,"href":"https:\/\/jlegal.pt\/en\/wp-json\/wp\/v2\/categories?post=8930"},{"taxonomy":"post_tag","embeddable":true,"href":"https:\/\/jlegal.pt\/en\/wp-json\/wp\/v2\/tags?post=8930"}],"curies":[{"name":"wp","href":"https:\/\/api.w.org\/{rel}","templated":true}]}}