{"id":8934,"date":"2023-01-25T06:13:02","date_gmt":"2023-01-25T11:13:02","guid":{"rendered":"https:\/\/jlegal.pt\/?p=8934"},"modified":"2023-01-25T06:13:02","modified_gmt":"2023-01-25T11:13:02","slug":"jorge-brito-pereira-socio-da-jlegal-no-jornal-de-negocios-sobre-a-subida-de-juros-pelo-bce-e-impacto-no-setor-empresarial","status":"publish","type":"post","link":"https:\/\/jlegal.pt\/en\/jorge-brito-pereira-socio-da-jlegal-no-jornal-de-negocios-sobre-a-subida-de-juros-pelo-bce-e-impacto-no-setor-empresarial\/","title":{"rendered":"Jorge Brito Pereira, s\u00f3cio da J+Legal, no Jornal de Neg\u00f3cios, sobre a subida de juros pelo BCE e impacto no setor empresarial"},"content":{"rendered":"<p><a role=\"button\" href=\"https:\/\/jlegal.pt\/en\/news\/\">Go back<br \/>\n<\/a><\/p>\n<h1 class=\"elementor-heading-title elementor-size-default\">Jorge Brito Pereira, s\u00f3cio da J+Legal, no Jornal de Neg\u00f3cios, sobre a subida de juros pelo BCE e impacto no setor empresarial<\/h1>\n<h2>25 de janeiro 2023<\/h2>\n<p><strong>Jorge Brito Pereira<\/strong>, s\u00f3cio respons\u00e1vel pela \u00e1rea de Banking and Capital Markets, ouvido pelo Jornal de Neg\u00f3cios, entende que o BCE est\u00e1 a atuar prudentemente, e &#8220;mais do que outros bancos centrais, para que este efeito de desacelera\u00e7\u00e3o n\u00e3o seja s\u00fabito&#8221;. Sem preju\u00edzo disso, adianta, haver\u00e1 sempre algum efeito nos investimentos. &#8220;Primeiro, porque a d\u00edvida \u00e9 mais cara. Segundo, porque o custo de capital \u00e9 maior, o que afeta as avalia\u00e7\u00f5es. Terceiro, porque a desacelera\u00e7\u00e3o da economia tem por si s\u00f3 um efeito de \u2018cooling off\u2019 no mercado de fus\u00f5es e aquisi\u00e7\u00f5es. Creio, por isso, que esse efeito \u00e9 inevit\u00e1vel&#8221;<\/p>\n<p><a href=\"https:\/\/www.jornaldenegocios.pt\/economia\/justica\/lex\/detalhe\/assessoria-juridica-subida-de-juros-esta-a-penalizar-mais-as-pme\">Assessoria jur\u00eddica: Subida de juros est\u00e1 a penalizar mais as PME &#8211; LEX &#8211; Jornal de Neg\u00f3cios (jornaldenegocios.pt)<\/a><\/p>","protected":false},"excerpt":{"rendered":"<p>Jorge Brito Pereira, s\u00f3cio da J+Legal, no Jornal de Neg\u00f3cios, sobre a subida de juros pelo BCE e impacto no setor empresarial <\/p>","protected":false},"author":1,"featured_media":8935,"comment_status":"open","ping_status":"open","sticky":false,"template":"","format":"standard","meta":{"footnotes":""},"categories":[5],"tags":[],"class_list":["post-8934","post","type-post","status-publish","format-standard","has-post-thumbnail","hentry","category-noticias"],"aioseo_notices":[],"acf":[],"_links":{"self":[{"href":"https:\/\/jlegal.pt\/en\/wp-json\/wp\/v2\/posts\/8934","targetHints":{"allow":["GET"]}}],"collection":[{"href":"https:\/\/jlegal.pt\/en\/wp-json\/wp\/v2\/posts"}],"about":[{"href":"https:\/\/jlegal.pt\/en\/wp-json\/wp\/v2\/types\/post"}],"author":[{"embeddable":true,"href":"https:\/\/jlegal.pt\/en\/wp-json\/wp\/v2\/users\/1"}],"replies":[{"embeddable":true,"href":"https:\/\/jlegal.pt\/en\/wp-json\/wp\/v2\/comments?post=8934"}],"version-history":[{"count":1,"href":"https:\/\/jlegal.pt\/en\/wp-json\/wp\/v2\/posts\/8934\/revisions"}],"predecessor-version":[{"id":8936,"href":"https:\/\/jlegal.pt\/en\/wp-json\/wp\/v2\/posts\/8934\/revisions\/8936"}],"wp:featuredmedia":[{"embeddable":true,"href":"https:\/\/jlegal.pt\/en\/wp-json\/wp\/v2\/media\/8935"}],"wp:attachment":[{"href":"https:\/\/jlegal.pt\/en\/wp-json\/wp\/v2\/media?parent=8934"}],"wp:term":[{"taxonomy":"category","embeddable":true,"href":"https:\/\/jlegal.pt\/en\/wp-json\/wp\/v2\/categories?post=8934"},{"taxonomy":"post_tag","embeddable":true,"href":"https:\/\/jlegal.pt\/en\/wp-json\/wp\/v2\/tags?post=8934"}],"curies":[{"name":"wp","href":"https:\/\/api.w.org\/{rel}","templated":true}]}}