{"id":8942,"date":"2023-01-30T08:05:10","date_gmt":"2023-01-30T13:05:10","guid":{"rendered":"https:\/\/jlegal.pt\/?p=8942"},"modified":"2023-01-30T08:05:10","modified_gmt":"2023-01-30T13:05:10","slug":"jlegal-assessora-grupo-sapec-em-contrato-com-a-greenvolt-comunidades-para-a-instalacao-das-primeiras-upacs","status":"publish","type":"post","link":"https:\/\/jlegal.pt\/en\/jlegal-assessora-grupo-sapec-em-contrato-com-a-greenvolt-comunidades-para-a-instalacao-das-primeiras-upacs\/","title":{"rendered":"J+Legal assessora Grupo SAPEC em contrato com a Greenvolt Comunidades para a instala\u00e7\u00e3o das primeiras UPACS"},"content":{"rendered":"<p><a role=\"button\" href=\"https:\/\/jlegal.pt\/en\/news\/\">Go back<br \/>\n<\/a><\/p>\n<h1 class=\"elementor-heading-title elementor-size-default\">J+Legal assessora Grupo SAPEC em contrato com a Greenvolt Comunidades para a instala\u00e7\u00e3o das primeiras UPACS<\/h1>\n<h2>30 de janeiro 2023<b><\/b><\/h2>\n<p>A <strong>J+Legal<\/strong> assessorou o grupo <strong>SAPEC<\/strong> na negocia\u00e7\u00e3o e <span style=\"font-size: 12.0pt;\"> celebra\u00e7\u00e3o de um contrato de implementa\u00e7\u00e3o e gest\u00e3o de uma comunidade de energia renov\u00e1vel com a <b>Greenvolt Comunidades<\/b>. Com este contrato, que foi assinado em dezembro de 2022<\/span><span style=\"font-size: 12.0pt;\">, ser\u00e3o instaladas as primeiras UPAC (<b>unidades de produ\u00e7\u00e3o para autoconsumo<\/b>) no Parque Industrial Sapec Bay (Zona Industrial da Mitrena, em Set\u00fabal). <\/span><\/p>\n<p class=\"xmsonormal\" style=\"text-align: justify;\"><span style=\"font-size: 12.0pt;\">Isto permitir\u00e1 a produ\u00e7\u00e3o de energia para consumo pr\u00f3prio, mas tamb\u00e9m a partilha da energia excedente, atrav\u00e9s da cria\u00e7\u00e3o de uma comunidade de energia renov\u00e1vel com v\u00e1rias empresas do Grupo Sapec. <\/span><\/p>\n<p class=\"xmsonormal\" style=\"text-align: justify;\"><span style=\"font-size: 12.0pt;\">Ao todo v\u00e3o ser instalados 298 pain\u00e9is solares fotovoltaicos, com uma capacidade total de mais de 162 kWp, sendo capazes de gerar anualmente 238 MWh, numa \u00e1rea de cerca de 1.500 metros quadrados. A energia gerada permitir\u00e1 alimentar a unidade de produ\u00e7\u00e3o de sulfato de alum\u00ednio e outras atividades da Sapec, proporcionando uma independ\u00eancia face \u00e0 energia da rede de cerca de 22%, numa primeira fase, sendo que o projeto ter\u00e1 mais UPAC\u2019s no futuro.<\/span><\/p>\n<p>A assessoria jur\u00eddica e as<span style=\"font-size: 12.0pt;\"> negocia\u00e7\u00f5es desta opera\u00e7\u00e3o de grande impacto na comunidade e no setor da energia<span style=\"color: #92d050;\">\u00a0<\/span>foram conduzidas por <strong>Rui Bello da Silva<\/strong>, associado s\u00e9nior da equipa de C<i>orporate, M&amp;A and Private Equity <\/i>da <strong>J+Legal<\/strong>, e representam uma aposta clara da sociedade no setor da energia, com uma forte componente na inova\u00e7\u00e3o e nas quest\u00f5es de sustentabilidade energ\u00e9tica.<\/span><\/p>","protected":false},"excerpt":{"rendered":"<p>J+Legal assessora Grupos Barraqueiro e Rodonorte em processo de aquisi\u00e7\u00e3o da Internorte e da Intercentro ao Grupo Transdev<\/p>","protected":false},"author":1,"featured_media":8945,"comment_status":"open","ping_status":"open","sticky":false,"template":"","format":"standard","meta":{"footnotes":""},"categories":[5],"tags":[],"class_list":["post-8942","post","type-post","status-publish","format-standard","has-post-thumbnail","hentry","category-noticias"],"aioseo_notices":[],"acf":[],"_links":{"self":[{"href":"https:\/\/jlegal.pt\/en\/wp-json\/wp\/v2\/posts\/8942","targetHints":{"allow":["GET"]}}],"collection":[{"href":"https:\/\/jlegal.pt\/en\/wp-json\/wp\/v2\/posts"}],"about":[{"href":"https:\/\/jlegal.pt\/en\/wp-json\/wp\/v2\/types\/post"}],"author":[{"embeddable":true,"href":"https:\/\/jlegal.pt\/en\/wp-json\/wp\/v2\/users\/1"}],"replies":[{"embeddable":true,"href":"https:\/\/jlegal.pt\/en\/wp-json\/wp\/v2\/comments?post=8942"}],"version-history":[{"count":2,"href":"https:\/\/jlegal.pt\/en\/wp-json\/wp\/v2\/posts\/8942\/revisions"}],"predecessor-version":[{"id":8947,"href":"https:\/\/jlegal.pt\/en\/wp-json\/wp\/v2\/posts\/8942\/revisions\/8947"}],"wp:featuredmedia":[{"embeddable":true,"href":"https:\/\/jlegal.pt\/en\/wp-json\/wp\/v2\/media\/8945"}],"wp:attachment":[{"href":"https:\/\/jlegal.pt\/en\/wp-json\/wp\/v2\/media?parent=8942"}],"wp:term":[{"taxonomy":"category","embeddable":true,"href":"https:\/\/jlegal.pt\/en\/wp-json\/wp\/v2\/categories?post=8942"},{"taxonomy":"post_tag","embeddable":true,"href":"https:\/\/jlegal.pt\/en\/wp-json\/wp\/v2\/tags?post=8942"}],"curies":[{"name":"wp","href":"https:\/\/api.w.org\/{rel}","templated":true}]}}