{"id":8995,"date":"2023-02-28T10:27:15","date_gmt":"2023-02-28T15:27:15","guid":{"rendered":"https:\/\/jlegal.pt\/?p=8995"},"modified":"2023-02-28T10:27:15","modified_gmt":"2023-02-28T15:27:15","slug":"filipa-arantes-pedroso-em-entrevista-para-a-sic-noticias","status":"publish","type":"post","link":"https:\/\/jlegal.pt\/en\/filipa-arantes-pedroso-em-entrevista-para-a-sic-noticias\/","title":{"rendered":"Filipa Arantes Pedroso em entrevista para a SIC Not\u00edcias"},"content":{"rendered":"<p><a role=\"button\" href=\"https:\/\/jlegal.pt\/en\/news\/\">Go back<br \/>\n<\/a><\/p>\n<h1 class=\"elementor-heading-title elementor-size-default\">Filipa Arantes Pedroso em entrevista para a SIC Not\u00edcias<\/h1>\n<h2>28 de fevereiro 2023<b><\/b><\/h2>\n<p><strong><a href=\"https:\/\/jlegal.pt\/en\/equipa\/filipa-arantes-pedroso\/\">Filipa Arantes Pedroso<\/a><\/strong>, s\u00f3cia respons\u00e1vel pela \u00e1rea de <em>Real Estate and Planning<\/em>, foi convidada a comentar o pacote &#8220;Mais Habita\u00e7\u00e3o&#8221; apresentado pelo Governo como resposta \u00e0 crise que se sente no setor.<\/p>\n<p><strong><a href=\"https:\/\/jlegal.pt\/wp-content\/uploads\/2023\/02\/WhatsApp-Video-2023-02-25-at-13.08.04.mp4\">Pode ver o excerto aqui.<\/a><\/strong><\/p>","protected":false},"excerpt":{"rendered":"<p>Filipa Arantes Pedroso em entrevista para a SIC Not\u00edcias<\/p>","protected":false},"author":1,"featured_media":8996,"comment_status":"open","ping_status":"open","sticky":false,"template":"","format":"standard","meta":{"footnotes":""},"categories":[5],"tags":[],"class_list":["post-8995","post","type-post","status-publish","format-standard","has-post-thumbnail","hentry","category-noticias"],"aioseo_notices":[],"acf":[],"_links":{"self":[{"href":"https:\/\/jlegal.pt\/en\/wp-json\/wp\/v2\/posts\/8995","targetHints":{"allow":["GET"]}}],"collection":[{"href":"https:\/\/jlegal.pt\/en\/wp-json\/wp\/v2\/posts"}],"about":[{"href":"https:\/\/jlegal.pt\/en\/wp-json\/wp\/v2\/types\/post"}],"author":[{"embeddable":true,"href":"https:\/\/jlegal.pt\/en\/wp-json\/wp\/v2\/users\/1"}],"replies":[{"embeddable":true,"href":"https:\/\/jlegal.pt\/en\/wp-json\/wp\/v2\/comments?post=8995"}],"version-history":[{"count":1,"href":"https:\/\/jlegal.pt\/en\/wp-json\/wp\/v2\/posts\/8995\/revisions"}],"predecessor-version":[{"id":8998,"href":"https:\/\/jlegal.pt\/en\/wp-json\/wp\/v2\/posts\/8995\/revisions\/8998"}],"wp:featuredmedia":[{"embeddable":true,"href":"https:\/\/jlegal.pt\/en\/wp-json\/wp\/v2\/media\/8996"}],"wp:attachment":[{"href":"https:\/\/jlegal.pt\/en\/wp-json\/wp\/v2\/media?parent=8995"}],"wp:term":[{"taxonomy":"category","embeddable":true,"href":"https:\/\/jlegal.pt\/en\/wp-json\/wp\/v2\/categories?post=8995"},{"taxonomy":"post_tag","embeddable":true,"href":"https:\/\/jlegal.pt\/en\/wp-json\/wp\/v2\/tags?post=8995"}],"curies":[{"name":"wp","href":"https:\/\/api.w.org\/{rel}","templated":true}]}}